{"id":895,"date":"2017-09-26T09:32:28","date_gmt":"2017-09-26T12:32:28","guid":{"rendered":"http:\/\/dsrmedios.com.ar\/diario\/?p=895"},"modified":"2017-09-26T09:32:28","modified_gmt":"2017-09-26T12:32:28","slug":"sergio-massa-recorre-la-provincia-de-buenos-aires-en-el-marco-de-la-campana-para-octubre","status":"publish","type":"post","link":"http:\/\/dsrmedios.com.ar\/diario\/archivos\/895","title":{"rendered":"Sergio Massa recorre la provincia de Buenos Aires en el marco de la campa\u00f1a para octubre"},"content":{"rendered":"<p><em>Continuando con su recorrida por la provincia de Buenos Aires, el diputado nacional y candidato a senador por la fuerza 1Pa\u00eds, Sergio Massa, arrib\u00f3 al municipio de San Vicente donde visit\u00f3 el centro de la ciudad y una PyME. &#8220;Ninguna boleta de luz, de gas y de agua puede aumentar m\u00e1s de lo que aumentan los sueldos&#8221;, asegur\u00f3.<\/em><\/p>\n<p>Luego de La Matanza, Sergio Massa lleg\u00f3 a San Vicente, donde dialog\u00f3 con comerciantes y vecinos en el centro de la ciudad. Despu\u00e9s, visit\u00f3 Water-van, una PyME que fabrica muebles de ba\u00f1o y cocina desde 1999 y que actualmente le da trabajo a 10 familias.\u00a0 All\u00ed Massa manifest\u00f3 la necesidad de establecer un marco regulatorio que rija el incremento de los montos de las tarifas de servicios p\u00fablicos y asegur\u00f3 que va a presentar un proyecto cuyo objetivo es proteger la capacidad de compra de la clase media trabajadora.\u00a0 Seg\u00fan el diputado, la iniciativa aspira a atar la suba de las tarifas de gas, luz, agua, entre otros, al \u00edndice de variaci\u00f3n salarial.<\/p>\n<p>&nbsp;<\/p>\n","protected":false},"excerpt":{"rendered":"<div class=\"mh-excerpt\"><p>Continuando con su recorrida por la provincia de Buenos Aires, el diputado nacional y candidato a senador por la fuerza 1Pa\u00eds, Sergio Massa, arrib\u00f3 al municipio de San Vicente donde visit\u00f3 el centro de la ciudad y una PyME. &#8220;Ninguna boleta de luz, de gas y de agua puede aumentar m\u00e1s de lo que aumentan los sueldos&#8221;, asegur\u00f3. Luego de La Matanza, Sergio Massa lleg\u00f3 a San Vicente, donde dialog\u00f3 con comerciantes y vecinos en el centro de la ciudad. Despu\u00e9s, visit\u00f3 Water-van, una PyME que fabrica muebles de ba\u00f1o y cocina desde 1999 y que actualmente le da trabajo <a class=\"mh-excerpt-more\" href=\"http:\/\/dsrmedios.com.ar\/diario\/archivos\/895\" title=\"Sergio Massa recorre la provincia de Buenos Aires en el marco de la campa\u00f1a para octubre\">[Leer m\u00e1s]<\/a><\/p>\n<\/div>","protected":false},"author":5,"featured_media":896,"comment_status":"open","ping_status":"closed","sticky":false,"template":"","format":"standard","meta":{"_jetpack_newsletter_access":""},"categories":[6],"tags":[],"jetpack_featured_media_url":"http:\/\/dsrmedios.com.ar\/diario\/wp-content\/uploads\/2017\/09\/massareco.jpg","jetpack_sharing_enabled":true,"jetpack_shortlink":"https:\/\/wp.me\/p9fihK-er","_links":{"self":[{"href":"http:\/\/dsrmedios.com.ar\/diario\/wp-json\/wp\/v2\/posts\/895"}],"collection":[{"href":"http:\/\/dsrmedios.com.ar\/diario\/wp-json\/wp\/v2\/posts"}],"about":[{"href":"http:\/\/dsrmedios.com.ar\/diario\/wp-json\/wp\/v2\/types\/post"}],"author":[{"embeddable":true,"href":"http:\/\/dsrmedios.com.ar\/diario\/wp-json\/wp\/v2\/users\/5"}],"replies":[{"embeddable":true,"href":"http:\/\/dsrmedios.com.ar\/diario\/wp-json\/wp\/v2\/comments?post=895"}],"version-history":[{"count":1,"href":"http:\/\/dsrmedios.com.ar\/diario\/wp-json\/wp\/v2\/posts\/895\/revisions"}],"predecessor-version":[{"id":897,"href":"http:\/\/dsrmedios.com.ar\/diario\/wp-json\/wp\/v2\/posts\/895\/revisions\/897"}],"wp:featuredmedia":[{"embeddable":true,"href":"http:\/\/dsrmedios.com.ar\/diario\/wp-json\/wp\/v2\/media\/896"}],"wp:attachment":[{"href":"http:\/\/dsrmedios.com.ar\/diario\/wp-json\/wp\/v2\/media?parent=895"}],"wp:term":[{"taxonomy":"category","embeddable":true,"href":"http:\/\/dsrmedios.com.ar\/diario\/wp-json\/wp\/v2\/categories?post=895"},{"taxonomy":"post_tag","embeddable":true,"href":"http:\/\/dsrmedios.com.ar\/diario\/wp-json\/wp\/v2\/tags?post=895"}],"curies":[{"name":"wp","href":"https:\/\/api.w.org\/{rel}","templated":true}]}}