{"id":7450,"date":"2018-07-31T08:19:18","date_gmt":"2018-07-31T11:19:18","guid":{"rendered":"http:\/\/dsrmedios.com.ar\/diario\/?p=7450"},"modified":"2018-07-31T08:19:18","modified_gmt":"2018-07-31T11:19:18","slug":"manana-anuncian-nuevos-aumentos-en-energia-y-combustibles","status":"publish","type":"post","link":"http:\/\/dsrmedios.com.ar\/diario\/archivos\/7450","title":{"rendered":"Ma\u00f1ana anuncian nuevos aumentos en energ\u00eda y combustibles"},"content":{"rendered":"<p>Ma\u00f1ana mi\u00e9rcoles el ministro de energ\u00eda\u00a0<strong>Javier Iguacel anunciar\u00e1 aumentos en la electricidad que ir\u00e1n\u00a0 entre un 25 y un 30%<\/strong>.<\/p>\n<p>Adem\u00e1s se informar\u00e1<strong>\u00a0un nuevo aumento de las naftas, que ser\u00e1 de un 5% correspondiente a agosto<\/strong>. Este incremento proviene de las \u00faltimas gestiones de Juan Jos\u00e9 Aranguren, el ex ministro negoci\u00f3 para el segundo semestre, un esquema gradual con las petroleras para la segunda parte del a\u00f1o.<\/p>\n<p>El aumento el\u00e9ctrico ser\u00e1 una recomposici\u00f3n por inflaci\u00f3n para las distribuidoras el\u00e9ctricas Edenor y Edesur.\u00a0<a href=\"https:\/\/infocielo.com\/nota\/92865\/aranguren_se_va_pero_el_tarifazo_sigue_iguacel_confirmo_los_proximos_aumentos_de_luz_y_gas\/\">Luego de asumir, el ministro Iguacel hab\u00eda anticipado que los aumentos seguir\u00edan<\/a>.<\/p>\n<p>El viernes,\u00a0<a href=\"https:\/\/infocielo.com\/nota\/94099\/tarifazos_sin_control_asi_fueron_los_aumentos_de_colectivos_y_trenes_desde_enero\/\">Guillermo Dietrich, ministro de transporte, anunci\u00f3 el nuevo cuadro tarifario para el esquema de transporte<\/a>.<\/p>\n<p>fuente:www.infocielo.com<\/p>\n","protected":false},"excerpt":{"rendered":"<div class=\"mh-excerpt\"><p>Ma\u00f1ana mi\u00e9rcoles el ministro de energ\u00eda\u00a0Javier Iguacel anunciar\u00e1 aumentos en la electricidad que ir\u00e1n\u00a0 entre un 25 y un 30%. Adem\u00e1s se informar\u00e1\u00a0un nuevo aumento de las naftas, que ser\u00e1 de un 5% correspondiente a agosto. Este incremento proviene de las \u00faltimas gestiones de Juan Jos\u00e9 Aranguren, el ex ministro negoci\u00f3 para el segundo semestre, un esquema gradual con las petroleras para la segunda parte del a\u00f1o. El aumento el\u00e9ctrico ser\u00e1 una recomposici\u00f3n por inflaci\u00f3n para las distribuidoras el\u00e9ctricas Edenor y Edesur.\u00a0Luego de asumir, el ministro Iguacel hab\u00eda anticipado que los aumentos seguir\u00edan. El viernes,\u00a0Guillermo Dietrich, ministro de transporte, anunci\u00f3 <a class=\"mh-excerpt-more\" href=\"http:\/\/dsrmedios.com.ar\/diario\/archivos\/7450\" title=\"Ma\u00f1ana anuncian nuevos aumentos en energ\u00eda y combustibles\">[Leer m\u00e1s]<\/a><\/p>\n<\/div>","protected":false},"author":5,"featured_media":2577,"comment_status":"open","ping_status":"closed","sticky":false,"template":"","format":"standard","meta":{"_jetpack_newsletter_access":""},"categories":[18,6],"tags":[],"jetpack_featured_media_url":"http:\/\/dsrmedios.com.ar\/diario\/wp-content\/uploads\/2017\/11\/energia.jpg","jetpack_sharing_enabled":true,"jetpack_shortlink":"https:\/\/wp.me\/p9fihK-1Wa","_links":{"self":[{"href":"http:\/\/dsrmedios.com.ar\/diario\/wp-json\/wp\/v2\/posts\/7450"}],"collection":[{"href":"http:\/\/dsrmedios.com.ar\/diario\/wp-json\/wp\/v2\/posts"}],"about":[{"href":"http:\/\/dsrmedios.com.ar\/diario\/wp-json\/wp\/v2\/types\/post"}],"author":[{"embeddable":true,"href":"http:\/\/dsrmedios.com.ar\/diario\/wp-json\/wp\/v2\/users\/5"}],"replies":[{"embeddable":true,"href":"http:\/\/dsrmedios.com.ar\/diario\/wp-json\/wp\/v2\/comments?post=7450"}],"version-history":[{"count":1,"href":"http:\/\/dsrmedios.com.ar\/diario\/wp-json\/wp\/v2\/posts\/7450\/revisions"}],"predecessor-version":[{"id":7452,"href":"http:\/\/dsrmedios.com.ar\/diario\/wp-json\/wp\/v2\/posts\/7450\/revisions\/7452"}],"wp:featuredmedia":[{"embeddable":true,"href":"http:\/\/dsrmedios.com.ar\/diario\/wp-json\/wp\/v2\/media\/2577"}],"wp:attachment":[{"href":"http:\/\/dsrmedios.com.ar\/diario\/wp-json\/wp\/v2\/media?parent=7450"}],"wp:term":[{"taxonomy":"category","embeddable":true,"href":"http:\/\/dsrmedios.com.ar\/diario\/wp-json\/wp\/v2\/categories?post=7450"},{"taxonomy":"post_tag","embeddable":true,"href":"http:\/\/dsrmedios.com.ar\/diario\/wp-json\/wp\/v2\/tags?post=7450"}],"curies":[{"name":"wp","href":"https:\/\/api.w.org\/{rel}","templated":true}]}}