{"id":7401,"date":"2018-07-27T09:13:25","date_gmt":"2018-07-27T12:13:25","guid":{"rendered":"http:\/\/dsrmedios.com.ar\/diario\/?p=7401"},"modified":"2018-07-27T09:13:25","modified_gmt":"2018-07-27T12:13:25","slug":"el-gobierno-bonaerense-pedira-la-conciliacion-obligatoria-para-que-comiencen-las-clases","status":"publish","type":"post","link":"http:\/\/dsrmedios.com.ar\/diario\/archivos\/7401","title":{"rendered":"El gobierno bonaerense pedir\u00e1 la conciliaci\u00f3n obligatoria para que comiencen las clases"},"content":{"rendered":"<p>Cansada del conflicto salarial con los docentes y luego de que los sindicatos de maestros anunciaran otro paro de 72 horas, a partir del lunes, la gobernadora Mar\u00eda Eugenia Vidal tiene pensada una estrategia para desactivar la embestida gremial: solicitar la conciliaci\u00f3n obligatoria al Ministerio de Trabajo bonaerense.<\/p>\n<p>El pedido fue girado este jueves a la cartera laboral donde el ministro de Trabajo, Marcelo Villegas, firmar\u00e1 la medida y notificar\u00e1 v\u00eda telegrama a cada uno de los gremios docentes.<\/p>\n<p>Con esta maniobra la gobernadora busca que los 4,5 millones de alumnos puedan regresar a las clases el lunes pr\u00f3ximo, tras la finalizaci\u00f3n del receso invernal.<\/p>\n<p>Tambi\u00e9n quiere limitar la demanda al \u00e1mbito salarial y que los sindicatos no lleven otros reclamos de corte pol\u00edtico, como el que efectuaron en la paritaria del lunes \u00faltimo, cuando con carteles se expresaron en contra del ajuste y pidieron por los despedidos en la agencia T\u00e9lam.<\/p>\n<p>Adem\u00e1s, el titular del Suteba, Roberto Baradel, solicit\u00f3 que figure en el acta que se opone al acuerdo con el FMI. Hoy los docentes definieron las medidas de fuerza que tomar\u00e1n.<\/p>\n<p>No hubo conferencia de prensa ni anuncios estramb\u00f3ticos. Solo un escueto comunicado en el que confirmaron algo que ven\u00edan deslizando desde hac\u00eda varios d\u00edas: el lunes no comenzar\u00e1n las clases en la provincia de Buenos Aires por un paro docente de 72 horas.<\/p>\n<p>A Vidal no la sorprendi\u00f3 la medida de fuerza, pues en la propia gobernaci\u00f3n est\u00e1n convencidos de que las decisiones de los sindicatos van m\u00e1s all\u00e1 del reclamo salarial. &#8220;Est\u00e1n haciendo pol\u00edtica y no les importan los chicos&#8221;, sostienen en su entorno.<\/p>\n<p>Por eso, la gobernadora decidi\u00f3 pedir la conciliaci\u00f3n. Seg\u00fan el frente docente, que no sean otra vez convocados es una muestra del desinter\u00e9s de Vidal por destrabar el conflicto.<\/p>\n<p>&#8220;Luego de esperar 94 d\u00edas, mediante dos cautelares, la Justicia oblig\u00f3 al gobierno a convocar a los docentes. En un nuevo simulacro de negociaci\u00f3n paritaria nos presentaron una oferta del 15%, muy lejos de la necesidad del bolsillo de los docentes. Por lo tanto, resolvemos un paro de 72 horas&#8221;, concluyeron los maestros.<\/p>\n<p>Fuente: www.lanacion.com<\/p>\n","protected":false},"excerpt":{"rendered":"<div class=\"mh-excerpt\"><p>Cansada del conflicto salarial con los docentes y luego de que los sindicatos de maestros anunciaran otro paro de 72 horas, a partir del lunes, la gobernadora Mar\u00eda Eugenia Vidal tiene pensada una estrategia para desactivar la embestida gremial: solicitar la conciliaci\u00f3n obligatoria al Ministerio de Trabajo bonaerense. El pedido fue girado este jueves a la cartera laboral donde el ministro de Trabajo, Marcelo Villegas, firmar\u00e1 la medida y notificar\u00e1 v\u00eda telegrama a cada uno de los gremios docentes. Con esta maniobra la gobernadora busca que los 4,5 millones de alumnos puedan regresar a las clases el lunes pr\u00f3ximo, tras <a class=\"mh-excerpt-more\" href=\"http:\/\/dsrmedios.com.ar\/diario\/archivos\/7401\" title=\"El gobierno bonaerense pedir\u00e1 la conciliaci\u00f3n obligatoria para que comiencen las clases\">[Leer m\u00e1s]<\/a><\/p>\n<\/div>","protected":false},"author":5,"featured_media":7402,"comment_status":"open","ping_status":"closed","sticky":false,"template":"","format":"standard","meta":{"_jetpack_newsletter_access":""},"categories":[18,7],"tags":[],"jetpack_featured_media_url":"http:\/\/dsrmedios.com.ar\/diario\/wp-content\/uploads\/2018\/07\/paro.jpg_1572130063.jpg","jetpack_sharing_enabled":true,"jetpack_shortlink":"https:\/\/wp.me\/p9fihK-1Vn","_links":{"self":[{"href":"http:\/\/dsrmedios.com.ar\/diario\/wp-json\/wp\/v2\/posts\/7401"}],"collection":[{"href":"http:\/\/dsrmedios.com.ar\/diario\/wp-json\/wp\/v2\/posts"}],"about":[{"href":"http:\/\/dsrmedios.com.ar\/diario\/wp-json\/wp\/v2\/types\/post"}],"author":[{"embeddable":true,"href":"http:\/\/dsrmedios.com.ar\/diario\/wp-json\/wp\/v2\/users\/5"}],"replies":[{"embeddable":true,"href":"http:\/\/dsrmedios.com.ar\/diario\/wp-json\/wp\/v2\/comments?post=7401"}],"version-history":[{"count":1,"href":"http:\/\/dsrmedios.com.ar\/diario\/wp-json\/wp\/v2\/posts\/7401\/revisions"}],"predecessor-version":[{"id":7403,"href":"http:\/\/dsrmedios.com.ar\/diario\/wp-json\/wp\/v2\/posts\/7401\/revisions\/7403"}],"wp:featuredmedia":[{"embeddable":true,"href":"http:\/\/dsrmedios.com.ar\/diario\/wp-json\/wp\/v2\/media\/7402"}],"wp:attachment":[{"href":"http:\/\/dsrmedios.com.ar\/diario\/wp-json\/wp\/v2\/media?parent=7401"}],"wp:term":[{"taxonomy":"category","embeddable":true,"href":"http:\/\/dsrmedios.com.ar\/diario\/wp-json\/wp\/v2\/categories?post=7401"},{"taxonomy":"post_tag","embeddable":true,"href":"http:\/\/dsrmedios.com.ar\/diario\/wp-json\/wp\/v2\/tags?post=7401"}],"curies":[{"name":"wp","href":"https:\/\/api.w.org\/{rel}","templated":true}]}}