{"id":7392,"date":"2018-07-27T09:02:07","date_gmt":"2018-07-27T12:02:07","guid":{"rendered":"http:\/\/dsrmedios.com.ar\/diario\/?p=7392"},"modified":"2018-07-27T09:02:07","modified_gmt":"2018-07-27T12:02:07","slug":"hirtz-participo-junto-a-intendentes-de-la-sexta-de-una-reunion-con-marcos-pena","status":"publish","type":"post","link":"http:\/\/dsrmedios.com.ar\/diario\/archivos\/7392","title":{"rendered":"Hirtz particip\u00f3, junto a Intendentes de la sexta, de una reuni\u00f3n con Marcos Pe\u00f1a"},"content":{"rendered":"<p>En su despacho de la Casa Rosada, el jefe de Gabinete de la Naci\u00f3n,\u00a0<strong>Marcos Pe\u00f1a recibi\u00f3 a intendentes oficialistas de la Quinta y Sexta Secci\u00f3n Electoral, quienes estuvieron acompa\u00f1ados por el subsecretario de Asuntos Municipales de la Provincia, Alex Campbell.<\/strong><\/p>\n<p>En general, asegura el portal Infocielo, los intendentes plasmaron su preocupaci\u00f3n ante las subas de tarifas en los servicios y la econom\u00eda golpeada por la crisis del d\u00f3lar. As\u00ed mismo, cada alcalde detall\u00f3 sobre la realidad particular de cada uno de los distritos.<\/p>\n<p>Desde la administraci\u00f3n bonaerense destacaron el encuentro como parte de un \u201cintercambio\u201d con los jefes comunales, como tambi\u00e9n \u201ccontenci\u00f3n\u201d pol\u00edtica con los l\u00edderes territoriales.<\/p>\n<p>Seg\u00fan trascendi\u00f3, Pe\u00f1a les pidi\u00f3 a los alcaldes<strong>\u00a0\u201credoblar esfuerzos\u201d ante la \u201ctormenta\u201d que vive el pa\u00eds\u00a0<\/strong>y mostrar en sus distritos las pol\u00edticas que Naci\u00f3n y Provincia llevan adelante. Hubo un momento en que varios alcaldes dejaron sobre la mesa su preocupaci\u00f3n ante la reducci\u00f3n de la obra p\u00fablica anunciada meses atr\u00e1s por Naci\u00f3n.<\/p>\n<p>En ese sentido, sin grandes certezas,\u00a0<strong>Naci\u00f3n y Municipios intentaron diagramar un esquema que no afecte del todo a los alcaldes, en un caballito de batalla como es la obra p\u00fablica.<\/strong>\u00a0Como se sabe, tanto el Gobierno Nacional, como el provincial le bajar\u00e1n el tono al plan de obras p\u00fablicas pensado para el tercer a\u00f1o de gobierno. En general, las obras que est\u00e1n comenzadas seguir\u00e1n su curso y, sobre todo, se enfocar\u00e1 el objetivo en las medianas y peque\u00f1as.<\/p>\n<p>fuente:www.infocielo.com<\/p>\n","protected":false},"excerpt":{"rendered":"<div class=\"mh-excerpt\"><p>En su despacho de la Casa Rosada, el jefe de Gabinete de la Naci\u00f3n,\u00a0Marcos Pe\u00f1a recibi\u00f3 a intendentes oficialistas de la Quinta y Sexta Secci\u00f3n Electoral, quienes estuvieron acompa\u00f1ados por el subsecretario de Asuntos Municipales de la Provincia, Alex Campbell. En general, asegura el portal Infocielo, los intendentes plasmaron su preocupaci\u00f3n ante las subas de tarifas en los servicios y la econom\u00eda golpeada por la crisis del d\u00f3lar. As\u00ed mismo, cada alcalde detall\u00f3 sobre la realidad particular de cada uno de los distritos. Desde la administraci\u00f3n bonaerense destacaron el encuentro como parte de un \u201cintercambio\u201d con los jefes comunales, como <a class=\"mh-excerpt-more\" href=\"http:\/\/dsrmedios.com.ar\/diario\/archivos\/7392\" title=\"Hirtz particip\u00f3, junto a Intendentes de la sexta, de una reuni\u00f3n con Marcos Pe\u00f1a\">[Leer m\u00e1s]<\/a><\/p>\n<\/div>","protected":false},"author":5,"featured_media":7393,"comment_status":"open","ping_status":"closed","sticky":false,"template":"","format":"standard","meta":{"_jetpack_newsletter_access":""},"categories":[18,31],"tags":[],"jetpack_featured_media_url":"http:\/\/dsrmedios.com.ar\/diario\/wp-content\/uploads\/2018\/07\/esexta.jpg","jetpack_sharing_enabled":true,"jetpack_shortlink":"https:\/\/wp.me\/p9fihK-1Ve","_links":{"self":[{"href":"http:\/\/dsrmedios.com.ar\/diario\/wp-json\/wp\/v2\/posts\/7392"}],"collection":[{"href":"http:\/\/dsrmedios.com.ar\/diario\/wp-json\/wp\/v2\/posts"}],"about":[{"href":"http:\/\/dsrmedios.com.ar\/diario\/wp-json\/wp\/v2\/types\/post"}],"author":[{"embeddable":true,"href":"http:\/\/dsrmedios.com.ar\/diario\/wp-json\/wp\/v2\/users\/5"}],"replies":[{"embeddable":true,"href":"http:\/\/dsrmedios.com.ar\/diario\/wp-json\/wp\/v2\/comments?post=7392"}],"version-history":[{"count":1,"href":"http:\/\/dsrmedios.com.ar\/diario\/wp-json\/wp\/v2\/posts\/7392\/revisions"}],"predecessor-version":[{"id":7394,"href":"http:\/\/dsrmedios.com.ar\/diario\/wp-json\/wp\/v2\/posts\/7392\/revisions\/7394"}],"wp:featuredmedia":[{"embeddable":true,"href":"http:\/\/dsrmedios.com.ar\/diario\/wp-json\/wp\/v2\/media\/7393"}],"wp:attachment":[{"href":"http:\/\/dsrmedios.com.ar\/diario\/wp-json\/wp\/v2\/media?parent=7392"}],"wp:term":[{"taxonomy":"category","embeddable":true,"href":"http:\/\/dsrmedios.com.ar\/diario\/wp-json\/wp\/v2\/categories?post=7392"},{"taxonomy":"post_tag","embeddable":true,"href":"http:\/\/dsrmedios.com.ar\/diario\/wp-json\/wp\/v2\/tags?post=7392"}],"curies":[{"name":"wp","href":"https:\/\/api.w.org\/{rel}","templated":true}]}}