{"id":7382,"date":"2018-07-27T07:04:49","date_gmt":"2018-07-27T10:04:49","guid":{"rendered":"http:\/\/dsrmedios.com.ar\/diario\/?p=7382"},"modified":"2018-07-26T17:44:05","modified_gmt":"2018-07-26T20:44:05","slug":"el-ministro-de-trabajo-bonaerense-aseguro-que-el-15-ofrecido-a-los-docentes-es-hasta-setiembre","status":"publish","type":"post","link":"http:\/\/dsrmedios.com.ar\/diario\/archivos\/7382","title":{"rendered":"El ministro de Trabajo bonaerense asegur\u00f3 que el 15% ofrecido a los docentes es hasta setiembre"},"content":{"rendered":"<p>El ministro de Trabajo bonaerense, Marcelo Villegas, asegur\u00f3 que la oferta realizada por el Gobierno a los docentes de un 15% a julio no es &#8220;el aumento para todo el a\u00f1o&#8221;, sino que la idea es seguir discutiendo en agosto, y que el paro de 72 horas impulsado por los sindicatos para el reinicio de las clases &#8220;es absolutamente pol\u00edtico&#8221;.<\/p>\n<p>El funcionario de Mar\u00eda Eugenia Vidal se refiri\u00f3 en declaraciones televisivas a la oferta acercada en la \u00faltima reuni\u00f3n paritaria a los maestros de un 15% a julio, m\u00e1s un 1,7% por material did\u00e1ctico, y se\u00f1al\u00f3 que a pesar del rechazo esos montos ser\u00e1n depositados entre hoy y ma\u00f1ana como aumento a cuenta.<\/p>\n<p>&#8220;No estamos diciendo que ese es el aumento para todo el a\u00f1o. No es que decimos cerramos la puerta. Eso es lo que podemos pagar a julio&#8221;, asegur\u00f3 el ministro entrevistado por el canal Todo Noticias. Y detall\u00f3 que la idea, en caso de lograr un acuerdo, es &#8220;seguir discutiendo&#8221; tras &#8220;revisar las metas de recaudaci\u00f3n&#8221;.<\/p>\n<p>fuente:www.dib.com.ar<\/p>\n","protected":false},"excerpt":{"rendered":"<div class=\"mh-excerpt\"><p>El ministro de Trabajo bonaerense, Marcelo Villegas, asegur\u00f3 que la oferta realizada por el Gobierno a los docentes de un 15% a julio no es &#8220;el aumento para todo el a\u00f1o&#8221;, sino que la idea es seguir discutiendo en agosto, y que el paro de 72 horas impulsado por los sindicatos para el reinicio de las clases &#8220;es absolutamente pol\u00edtico&#8221;. El funcionario de Mar\u00eda Eugenia Vidal se refiri\u00f3 en declaraciones televisivas a la oferta acercada en la \u00faltima reuni\u00f3n paritaria a los maestros de un 15% a julio, m\u00e1s un 1,7% por material did\u00e1ctico, y se\u00f1al\u00f3 que a pesar del <a class=\"mh-excerpt-more\" href=\"http:\/\/dsrmedios.com.ar\/diario\/archivos\/7382\" title=\"El ministro de Trabajo bonaerense asegur\u00f3 que el 15% ofrecido a los docentes es hasta setiembre\">[Leer m\u00e1s]<\/a><\/p>\n<\/div>","protected":false},"author":5,"featured_media":7383,"comment_status":"open","ping_status":"closed","sticky":false,"template":"","format":"standard","meta":{"_jetpack_newsletter_access":""},"categories":[18,7],"tags":[],"jetpack_featured_media_url":"http:\/\/dsrmedios.com.ar\/diario\/wp-content\/uploads\/2018\/07\/villegas.jpg","jetpack_sharing_enabled":true,"jetpack_shortlink":"https:\/\/wp.me\/p9fihK-1V4","_links":{"self":[{"href":"http:\/\/dsrmedios.com.ar\/diario\/wp-json\/wp\/v2\/posts\/7382"}],"collection":[{"href":"http:\/\/dsrmedios.com.ar\/diario\/wp-json\/wp\/v2\/posts"}],"about":[{"href":"http:\/\/dsrmedios.com.ar\/diario\/wp-json\/wp\/v2\/types\/post"}],"author":[{"embeddable":true,"href":"http:\/\/dsrmedios.com.ar\/diario\/wp-json\/wp\/v2\/users\/5"}],"replies":[{"embeddable":true,"href":"http:\/\/dsrmedios.com.ar\/diario\/wp-json\/wp\/v2\/comments?post=7382"}],"version-history":[{"count":1,"href":"http:\/\/dsrmedios.com.ar\/diario\/wp-json\/wp\/v2\/posts\/7382\/revisions"}],"predecessor-version":[{"id":7384,"href":"http:\/\/dsrmedios.com.ar\/diario\/wp-json\/wp\/v2\/posts\/7382\/revisions\/7384"}],"wp:featuredmedia":[{"embeddable":true,"href":"http:\/\/dsrmedios.com.ar\/diario\/wp-json\/wp\/v2\/media\/7383"}],"wp:attachment":[{"href":"http:\/\/dsrmedios.com.ar\/diario\/wp-json\/wp\/v2\/media?parent=7382"}],"wp:term":[{"taxonomy":"category","embeddable":true,"href":"http:\/\/dsrmedios.com.ar\/diario\/wp-json\/wp\/v2\/categories?post=7382"},{"taxonomy":"post_tag","embeddable":true,"href":"http:\/\/dsrmedios.com.ar\/diario\/wp-json\/wp\/v2\/tags?post=7382"}],"curies":[{"name":"wp","href":"https:\/\/api.w.org\/{rel}","templated":true}]}}