{"id":7379,"date":"2018-07-27T07:03:48","date_gmt":"2018-07-27T10:03:48","guid":{"rendered":"http:\/\/dsrmedios.com.ar\/diario\/?p=7379"},"modified":"2018-07-26T17:35:51","modified_gmt":"2018-07-26T20:35:51","slug":"detectaron-un-caso-de-gripe-a-en-la-vecina-ciudad-de-pigue","status":"publish","type":"post","link":"http:\/\/dsrmedios.com.ar\/diario\/archivos\/7379","title":{"rendered":"Detectaron un caso de Gripe A en la vecina ciudad de Pigu\u00e9"},"content":{"rendered":"<p>Desde Regi\u00f3n Sanitaria I se constat\u00f3 que existe un caso de Gripe A, en Pig\u00fc\u00e9.<\/p>\n<p>Se trata de un hombre de 38 a\u00f1os que se encuentra internado en el hospital de esta localidad desde hace cinco d\u00edas y evoluciona favorablemente.<\/p>\n<p>El secretario de salud Dr. Oscar G\u00f3mez indic\u00f3 que el paciente present\u00f3 los primeros s\u00edntomas el pasado s\u00e1bado y se lo intern\u00f3 por cursar una gripe.<\/p>\n<p>En los an\u00e1lisis que se le practicaron se confirm\u00f3 que se trata del virus H1N1.<\/p>\n<p>\u201cSe lo considera un caso \u00edndice y puede ser que aparezca alg\u00fan caso m\u00e1s pero es importante llevar tranquilidad a la poblaci\u00f3n de que no estamos en ning\u00fan tipo de alerta&#8221;, dijo.<\/p>\n<p>&#8220;Hasta el momento no hay casos y se s\u00f3lo se har\u00e1 profilaxis en su primer c\u00edrculo familiar si alguna persona presentara s\u00edntomas o factores de riesgo\u201d puntualiz\u00f3.<\/p>\n<p>Asimismo remarc\u00f3 que toda persona con factor de riesgo, puede vacunarse por indicaci\u00f3n de su m\u00e9dico y recomend\u00f3 higiene personal, lavado de manos y ventilaci\u00f3n de ambientes.<\/p>\n<p>fuente:www.lanueva.com<\/p>\n<p>&nbsp;<\/p>\n","protected":false},"excerpt":{"rendered":"<div class=\"mh-excerpt\"><p>Desde Regi\u00f3n Sanitaria I se constat\u00f3 que existe un caso de Gripe A, en Pig\u00fc\u00e9. Se trata de un hombre de 38 a\u00f1os que se encuentra internado en el hospital de esta localidad desde hace cinco d\u00edas y evoluciona favorablemente. El secretario de salud Dr. Oscar G\u00f3mez indic\u00f3 que el paciente present\u00f3 los primeros s\u00edntomas el pasado s\u00e1bado y se lo intern\u00f3 por cursar una gripe. En los an\u00e1lisis que se le practicaron se confirm\u00f3 que se trata del virus H1N1. \u201cSe lo considera un caso \u00edndice y puede ser que aparezca alg\u00fan caso m\u00e1s pero es importante llevar tranquilidad <a class=\"mh-excerpt-more\" href=\"http:\/\/dsrmedios.com.ar\/diario\/archivos\/7379\" title=\"Detectaron un caso de Gripe A en la vecina ciudad de Pigu\u00e9\">[Leer m\u00e1s]<\/a><\/p>\n<\/div>","protected":false},"author":5,"featured_media":7380,"comment_status":"open","ping_status":"closed","sticky":false,"template":"","format":"standard","meta":{"_jetpack_newsletter_access":""},"categories":[18,31],"tags":[],"jetpack_featured_media_url":"http:\/\/dsrmedios.com.ar\/diario\/wp-content\/uploads\/2018\/07\/H1N1.jpg","jetpack_sharing_enabled":true,"jetpack_shortlink":"https:\/\/wp.me\/p9fihK-1V1","_links":{"self":[{"href":"http:\/\/dsrmedios.com.ar\/diario\/wp-json\/wp\/v2\/posts\/7379"}],"collection":[{"href":"http:\/\/dsrmedios.com.ar\/diario\/wp-json\/wp\/v2\/posts"}],"about":[{"href":"http:\/\/dsrmedios.com.ar\/diario\/wp-json\/wp\/v2\/types\/post"}],"author":[{"embeddable":true,"href":"http:\/\/dsrmedios.com.ar\/diario\/wp-json\/wp\/v2\/users\/5"}],"replies":[{"embeddable":true,"href":"http:\/\/dsrmedios.com.ar\/diario\/wp-json\/wp\/v2\/comments?post=7379"}],"version-history":[{"count":1,"href":"http:\/\/dsrmedios.com.ar\/diario\/wp-json\/wp\/v2\/posts\/7379\/revisions"}],"predecessor-version":[{"id":7381,"href":"http:\/\/dsrmedios.com.ar\/diario\/wp-json\/wp\/v2\/posts\/7379\/revisions\/7381"}],"wp:featuredmedia":[{"embeddable":true,"href":"http:\/\/dsrmedios.com.ar\/diario\/wp-json\/wp\/v2\/media\/7380"}],"wp:attachment":[{"href":"http:\/\/dsrmedios.com.ar\/diario\/wp-json\/wp\/v2\/media?parent=7379"}],"wp:term":[{"taxonomy":"category","embeddable":true,"href":"http:\/\/dsrmedios.com.ar\/diario\/wp-json\/wp\/v2\/categories?post=7379"},{"taxonomy":"post_tag","embeddable":true,"href":"http:\/\/dsrmedios.com.ar\/diario\/wp-json\/wp\/v2\/tags?post=7379"}],"curies":[{"name":"wp","href":"https:\/\/api.w.org\/{rel}","templated":true}]}}