{"id":7301,"date":"2018-07-24T11:44:21","date_gmt":"2018-07-24T14:44:21","guid":{"rendered":"http:\/\/dsrmedios.com.ar\/diario\/?p=7301"},"modified":"2018-07-24T11:44:21","modified_gmt":"2018-07-24T14:44:21","slug":"el-intendente-hirtz-realizo-gestiones-vinculadas-al-sector-agrario-de-nuestro-distrito","status":"publish","type":"post","link":"http:\/\/dsrmedios.com.ar\/diario\/archivos\/7301","title":{"rendered":"El Intendente Hirtz realiz\u00f3 gestiones vinculadas al sector agrario de nuestro distrito"},"content":{"rendered":"<p>Hirtz se reuni\u00f3 con Leonardo Sarquis, Ministro de Agroindustria y con Sergio Robert,<br \/>\nSubsecretario de agricultura y ganader\u00eda para coordinar acciones vinculadas al sector agrario y solicitar la incorporaci\u00f3n de Adolfo Alsina en la Emergencia por Sequ\u00eda.<br \/>\nEsta semana Robert visitar\u00e1 Carhu\u00e9, para recorrer La Chacra y atender, a pedido del Intendente, a la Comisi\u00f3n de Emergencia agropecuaria que reclama la inclusi\u00f3n del distrito en la emergencia provincial.<br \/>\nLos productores solicitaron a Hirtz intermediaci\u00f3n ante las autoridades provinciales puesto que el distrito no ha sido contemplado dentro de los declarados en Emergencia y\/o desastre por sequ\u00eda por el periodo 01\/01\/2018 al 30\/04\/2018 y solicitaron sea incorporado con los mismos beneficios que los distritos de la regi\u00f3n\u201d.<br \/>\nEn agosto Sarquis visitar\u00eda el distrito.<\/p>\n","protected":false},"excerpt":{"rendered":"<div class=\"mh-excerpt\"><p>Hirtz se reuni\u00f3 con Leonardo Sarquis, Ministro de Agroindustria y con Sergio Robert, Subsecretario de agricultura y ganader\u00eda para coordinar acciones vinculadas al sector agrario y solicitar la incorporaci\u00f3n de Adolfo Alsina en la Emergencia por Sequ\u00eda. Esta semana Robert visitar\u00e1 Carhu\u00e9, para recorrer La Chacra y atender, a pedido del Intendente, a la Comisi\u00f3n de Emergencia agropecuaria que reclama la inclusi\u00f3n del distrito en la emergencia provincial. Los productores solicitaron a Hirtz intermediaci\u00f3n ante las autoridades provinciales puesto que el distrito no ha sido contemplado dentro de los declarados en Emergencia y\/o desastre por sequ\u00eda por el periodo 01\/01\/2018 <a class=\"mh-excerpt-more\" href=\"http:\/\/dsrmedios.com.ar\/diario\/archivos\/7301\" title=\"El Intendente Hirtz realiz\u00f3 gestiones vinculadas al sector agrario de nuestro distrito\">[Leer m\u00e1s]<\/a><\/p>\n<\/div>","protected":false},"author":5,"featured_media":2265,"comment_status":"open","ping_status":"closed","sticky":false,"template":"","format":"standard","meta":{"_jetpack_newsletter_access":""},"categories":[18,31],"tags":[],"jetpack_featured_media_url":"http:\/\/dsrmedios.com.ar\/diario\/wp-content\/uploads\/2017\/11\/hirtz.jpg","jetpack_sharing_enabled":true,"jetpack_shortlink":"https:\/\/wp.me\/p9fihK-1TL","_links":{"self":[{"href":"http:\/\/dsrmedios.com.ar\/diario\/wp-json\/wp\/v2\/posts\/7301"}],"collection":[{"href":"http:\/\/dsrmedios.com.ar\/diario\/wp-json\/wp\/v2\/posts"}],"about":[{"href":"http:\/\/dsrmedios.com.ar\/diario\/wp-json\/wp\/v2\/types\/post"}],"author":[{"embeddable":true,"href":"http:\/\/dsrmedios.com.ar\/diario\/wp-json\/wp\/v2\/users\/5"}],"replies":[{"embeddable":true,"href":"http:\/\/dsrmedios.com.ar\/diario\/wp-json\/wp\/v2\/comments?post=7301"}],"version-history":[{"count":1,"href":"http:\/\/dsrmedios.com.ar\/diario\/wp-json\/wp\/v2\/posts\/7301\/revisions"}],"predecessor-version":[{"id":7302,"href":"http:\/\/dsrmedios.com.ar\/diario\/wp-json\/wp\/v2\/posts\/7301\/revisions\/7302"}],"wp:featuredmedia":[{"embeddable":true,"href":"http:\/\/dsrmedios.com.ar\/diario\/wp-json\/wp\/v2\/media\/2265"}],"wp:attachment":[{"href":"http:\/\/dsrmedios.com.ar\/diario\/wp-json\/wp\/v2\/media?parent=7301"}],"wp:term":[{"taxonomy":"category","embeddable":true,"href":"http:\/\/dsrmedios.com.ar\/diario\/wp-json\/wp\/v2\/categories?post=7301"},{"taxonomy":"post_tag","embeddable":true,"href":"http:\/\/dsrmedios.com.ar\/diario\/wp-json\/wp\/v2\/tags?post=7301"}],"curies":[{"name":"wp","href":"https:\/\/api.w.org\/{rel}","templated":true}]}}