{"id":7270,"date":"2018-07-23T07:05:48","date_gmt":"2018-07-23T10:05:48","guid":{"rendered":"http:\/\/dsrmedios.com.ar\/diario\/?p=7270"},"modified":"2018-07-21T09:57:35","modified_gmt":"2018-07-21T12:57:35","slug":"las-divisiones-2008-2009-y-sub-14-femenino-de-club-san-martin-participaron-de-un-mundialito-en-la-costa","status":"publish","type":"post","link":"http:\/\/dsrmedios.com.ar\/diario\/archivos\/7270","title":{"rendered":"Las divisiones 2008 2009 y sub 14 femenino de Club San Mart\u00edn participaron de un Mundialito en la costa"},"content":{"rendered":"<p>Los chicos de Club San Mart\u00edn contin\u00faan disputando el Mundialito de f\u00fatbol de categor\u00edas 2008 y 2009 y sub 14 de f\u00fatbol femenino en la localidad de Santa Teresita durante el fin de semana<br \/>\nSemifinales por categor\u00edas del d\u00eda viernes<br \/>\n2008 San Mart\u00edn (9) vs fomento (4)&#8230; Goles: Lucas Salom\u00f3n (1), alvaro guillot (1), Joaqu\u00edn Montenegro (2), Emiliano Coline (2), Uriel Finoia (2), Mateo Kinder (1)&#8230; Jugaran la final contra Racing de Santa Teresita.<br \/>\nCategor\u00eda 2009, San Mart\u00edn (9) vs CADU (4). Goles: Joaqu\u00edn Lescano (5), Joaqu\u00edn Kuperbang (1), Contrera Honero (2), Garcia \u00c1ngel (1). Jugaran la final frente a Racing de Santa Teresita&#8230;<br \/>\nFutbol femenino disput\u00f3 2 partidos ante El Porvenir, el primero derrotas 7 a 4 goles: Milagros Cisneros (2), Freites Evelyn, Del Valle Vera y el segundo encuentro fue derrota por 4 a 1.. El gol Aguirres Milagros.<\/p>\n","protected":false},"excerpt":{"rendered":"<div class=\"mh-excerpt\"><p>Los chicos de Club San Mart\u00edn contin\u00faan disputando el Mundialito de f\u00fatbol de categor\u00edas 2008 y 2009 y sub 14 de f\u00fatbol femenino en la localidad de Santa Teresita durante el fin de semana Semifinales por categor\u00edas del d\u00eda viernes 2008 San Mart\u00edn (9) vs fomento (4)&#8230; Goles: Lucas Salom\u00f3n (1), alvaro guillot (1), Joaqu\u00edn Montenegro (2), Emiliano Coline (2), Uriel Finoia (2), Mateo Kinder (1)&#8230; Jugaran la final contra Racing de Santa Teresita. Categor\u00eda 2009, San Mart\u00edn (9) vs CADU (4). Goles: Joaqu\u00edn Lescano (5), Joaqu\u00edn Kuperbang (1), Contrera Honero (2), Garcia \u00c1ngel (1). Jugaran la final frente a <a class=\"mh-excerpt-more\" href=\"http:\/\/dsrmedios.com.ar\/diario\/archivos\/7270\" title=\"Las divisiones 2008 2009 y sub 14 femenino de Club San Mart\u00edn participaron de un Mundialito en la costa\">[Leer m\u00e1s]<\/a><\/p>\n<\/div>","protected":false},"author":5,"featured_media":7271,"comment_status":"open","ping_status":"closed","sticky":false,"template":"","format":"standard","meta":{"_jetpack_newsletter_access":""},"categories":[18],"tags":[],"jetpack_featured_media_url":"http:\/\/dsrmedios.com.ar\/diario\/wp-content\/uploads\/2018\/07\/mundialito.jpeg","jetpack_sharing_enabled":true,"jetpack_shortlink":"https:\/\/wp.me\/p9fihK-1Tg","_links":{"self":[{"href":"http:\/\/dsrmedios.com.ar\/diario\/wp-json\/wp\/v2\/posts\/7270"}],"collection":[{"href":"http:\/\/dsrmedios.com.ar\/diario\/wp-json\/wp\/v2\/posts"}],"about":[{"href":"http:\/\/dsrmedios.com.ar\/diario\/wp-json\/wp\/v2\/types\/post"}],"author":[{"embeddable":true,"href":"http:\/\/dsrmedios.com.ar\/diario\/wp-json\/wp\/v2\/users\/5"}],"replies":[{"embeddable":true,"href":"http:\/\/dsrmedios.com.ar\/diario\/wp-json\/wp\/v2\/comments?post=7270"}],"version-history":[{"count":1,"href":"http:\/\/dsrmedios.com.ar\/diario\/wp-json\/wp\/v2\/posts\/7270\/revisions"}],"predecessor-version":[{"id":7272,"href":"http:\/\/dsrmedios.com.ar\/diario\/wp-json\/wp\/v2\/posts\/7270\/revisions\/7272"}],"wp:featuredmedia":[{"embeddable":true,"href":"http:\/\/dsrmedios.com.ar\/diario\/wp-json\/wp\/v2\/media\/7271"}],"wp:attachment":[{"href":"http:\/\/dsrmedios.com.ar\/diario\/wp-json\/wp\/v2\/media?parent=7270"}],"wp:term":[{"taxonomy":"category","embeddable":true,"href":"http:\/\/dsrmedios.com.ar\/diario\/wp-json\/wp\/v2\/categories?post=7270"},{"taxonomy":"post_tag","embeddable":true,"href":"http:\/\/dsrmedios.com.ar\/diario\/wp-json\/wp\/v2\/tags?post=7270"}],"curies":[{"name":"wp","href":"https:\/\/api.w.org\/{rel}","templated":true}]}}