{"id":7238,"date":"2018-07-19T09:12:23","date_gmt":"2018-07-19T12:12:23","guid":{"rendered":"http:\/\/dsrmedios.com.ar\/diario\/?p=7238"},"modified":"2018-07-19T09:12:23","modified_gmt":"2018-07-19T12:12:23","slug":"parte-de-prensa-de-la-estacion-de-policia-comunal-de-carhue","status":"publish","type":"post","link":"http:\/\/dsrmedios.com.ar\/diario\/archivos\/7238","title":{"rendered":"Parte de prensa de la Estaci\u00f3n de Polic\u00eda Comunal de Carhu\u00e9"},"content":{"rendered":"<p>HURTO<br \/>\nEl d\u00eda Domingo 08 de Julio de 2.018, se recepcion\u00f3 una denuncia penal en la Estaci\u00f3n de Polic\u00eda Comunal Carhu\u00e9 a una ciudadana mayor de edad, quien refiri\u00f3 que autores ignorados hab\u00edan ingresado a su vivienda ubicada en la planta urbana de esta ciudad, sin ejercer violencia en el inmueble, del cual sustrajeron varias pertenencias, destac\u00e1ndose que se hallaba deshabitado en virtud de encontrarse en etapa de restauraci\u00f3n.-<br \/>\nSe informa que en el lugar del hecho se hizo presente personal de la Secci\u00f3n Pericial Descentralizada de Adolfo Alsina, quienes practicaron las pericias respectivas.-<br \/>\nComo consecuencia se iniciaron Actuaciones Prevencionales caratuladas \u201cHURTO\u201d, bajo la intervenci\u00f3n de la Unidad Funcional de Instrucci\u00f3n n\u00b0 2 del Departamento Judicial de Trenque Lauquen a cargo del Sr. Agente Fiscal Subrogante Dr. LEANDRO H. CORTELLEZZI, no brind\u00e1ndose dem\u00e1s datos en relaci\u00f3n a este il\u00edcito ya que se encuentra en plena etapa investigativa.-<\/p>\n<p>TENTATIVA DE ROBO<br \/>\nEl d\u00eda Lunes 09 de Julio de 2.018, se recepcion\u00f3 denuncia penal en la sede de la Estaci\u00f3n de Polic\u00eda Comunal Carhu\u00e9 a una ciudadana mayor de edad, quien mencion\u00f3 que personas desconocidas hab\u00edan ingresado a la vivienda habitada por su hija y su concubino, los cuales se hallaban ausentes de Carhu\u00e9, previo da\u00f1ar un vidrio perteneciente a una de las aberturas, sin haber constatado faltantes.-<br \/>\nEn el inmueble de menci\u00f3n, el cual se halla situado en la planta urbana de esta localidad, se present\u00f3 personal policial de la Secci\u00f3n Pericial Descentralizada de Adolfo Alsina, los que efectuaron las labores periciales correspondientes.-<br \/>\nComo consecuencia de este hecho, se instruyeron Actuaciones Prevencionales caratuladas \u201cTENTATIVA DE ROBO\u201d, bajo la intervenci\u00f3n de la Unidad Funcional de Instrucci\u00f3n n\u00b0 2 del Departamento Judicial de Trenque Lauquen a cargo del Sr. Agente Fiscal Subrogante Dr. LEANDRO H. CORTELLEZZI, no aport\u00e1ndose dem\u00e1s datos en relaci\u00f3n a este il\u00edcito ya que se halla en plena etapa investigativa.-<\/p>\n","protected":false},"excerpt":{"rendered":"<div class=\"mh-excerpt\"><p>HURTO El d\u00eda Domingo 08 de Julio de 2.018, se recepcion\u00f3 una denuncia penal en la Estaci\u00f3n de Polic\u00eda Comunal Carhu\u00e9 a una ciudadana mayor de edad, quien refiri\u00f3 que autores ignorados hab\u00edan ingresado a su vivienda ubicada en la planta urbana de esta ciudad, sin ejercer violencia en el inmueble, del cual sustrajeron varias pertenencias, destac\u00e1ndose que se hallaba deshabitado en virtud de encontrarse en etapa de restauraci\u00f3n.- Se informa que en el lugar del hecho se hizo presente personal de la Secci\u00f3n Pericial Descentralizada de Adolfo Alsina, quienes practicaron las pericias respectivas.- Como consecuencia se iniciaron Actuaciones Prevencionales <a class=\"mh-excerpt-more\" href=\"http:\/\/dsrmedios.com.ar\/diario\/archivos\/7238\" title=\"Parte de prensa de la Estaci\u00f3n de Polic\u00eda Comunal de Carhu\u00e9\">[Leer m\u00e1s]<\/a><\/p>\n<\/div>","protected":false},"author":5,"featured_media":5736,"comment_status":"open","ping_status":"closed","sticky":false,"template":"","format":"standard","meta":{"_jetpack_newsletter_access":""},"categories":[18,31],"tags":[],"jetpack_featured_media_url":"http:\/\/dsrmedios.com.ar\/diario\/wp-content\/uploads\/2018\/05\/comisaria-2.jpg","jetpack_sharing_enabled":true,"jetpack_shortlink":"https:\/\/wp.me\/p9fihK-1SK","_links":{"self":[{"href":"http:\/\/dsrmedios.com.ar\/diario\/wp-json\/wp\/v2\/posts\/7238"}],"collection":[{"href":"http:\/\/dsrmedios.com.ar\/diario\/wp-json\/wp\/v2\/posts"}],"about":[{"href":"http:\/\/dsrmedios.com.ar\/diario\/wp-json\/wp\/v2\/types\/post"}],"author":[{"embeddable":true,"href":"http:\/\/dsrmedios.com.ar\/diario\/wp-json\/wp\/v2\/users\/5"}],"replies":[{"embeddable":true,"href":"http:\/\/dsrmedios.com.ar\/diario\/wp-json\/wp\/v2\/comments?post=7238"}],"version-history":[{"count":1,"href":"http:\/\/dsrmedios.com.ar\/diario\/wp-json\/wp\/v2\/posts\/7238\/revisions"}],"predecessor-version":[{"id":7239,"href":"http:\/\/dsrmedios.com.ar\/diario\/wp-json\/wp\/v2\/posts\/7238\/revisions\/7239"}],"wp:featuredmedia":[{"embeddable":true,"href":"http:\/\/dsrmedios.com.ar\/diario\/wp-json\/wp\/v2\/media\/5736"}],"wp:attachment":[{"href":"http:\/\/dsrmedios.com.ar\/diario\/wp-json\/wp\/v2\/media?parent=7238"}],"wp:term":[{"taxonomy":"category","embeddable":true,"href":"http:\/\/dsrmedios.com.ar\/diario\/wp-json\/wp\/v2\/categories?post=7238"},{"taxonomy":"post_tag","embeddable":true,"href":"http:\/\/dsrmedios.com.ar\/diario\/wp-json\/wp\/v2\/tags?post=7238"}],"curies":[{"name":"wp","href":"https:\/\/api.w.org\/{rel}","templated":true}]}}