{"id":7220,"date":"2018-07-19T07:05:01","date_gmt":"2018-07-19T10:05:01","guid":{"rendered":"http:\/\/dsrmedios.com.ar\/diario\/?p=7220"},"modified":"2018-07-18T17:49:30","modified_gmt":"2018-07-18T20:49:30","slug":"preveen-que-el-proximo-viernes-nieve-en-la-comarca-de-sierra-de-la-ventana","status":"publish","type":"post","link":"http:\/\/dsrmedios.com.ar\/diario\/archivos\/7220","title":{"rendered":"Preveen que el pr\u00f3ximo viernes nieve en la Comarca de Sierra de la Ventana"},"content":{"rendered":"<p>Diferentes informes meteorol\u00f3gicos anticiparon desde hace varios d\u00edas que esta primer semana de vacaciones de invierno ser\u00edan inestables y con variables de lloviznas y lluvias lo que finalmente se cumpli\u00f3. El tiempo inestable se mantendr\u00e1 hasta el viernes y para rematar la semana, la posible ca\u00edda de nieve estar\u00eda vigente durante ese d\u00eda, donde la isoterma se ubicar\u00e1 a menos de mil m s. n.<br \/>\nPara el s\u00e1bado se anticipa una m\u00ednima bajo 0 para Sierra de la Ventana y m\u00e1ximas entre 11 y 12 grados.<\/p>\n<p>fuente:\u00a0www.noticiasradioreflejos.com.ar<\/p>\n","protected":false},"excerpt":{"rendered":"<div class=\"mh-excerpt\"><p>Diferentes informes meteorol\u00f3gicos anticiparon desde hace varios d\u00edas que esta primer semana de vacaciones de invierno ser\u00edan inestables y con variables de lloviznas y lluvias lo que finalmente se cumpli\u00f3. El tiempo inestable se mantendr\u00e1 hasta el viernes y para rematar la semana, la posible ca\u00edda de nieve estar\u00eda vigente durante ese d\u00eda, donde la isoterma se ubicar\u00e1 a menos de mil m s. n. Para el s\u00e1bado se anticipa una m\u00ednima bajo 0 para Sierra de la Ventana y m\u00e1ximas entre 11 y 12 grados. fuente:\u00a0www.noticiasradioreflejos.com.ar<\/p>\n<\/div>","protected":false},"author":5,"featured_media":7221,"comment_status":"open","ping_status":"closed","sticky":false,"template":"","format":"standard","meta":{"_jetpack_newsletter_access":""},"categories":[18,31],"tags":[],"jetpack_featured_media_url":"http:\/\/dsrmedios.com.ar\/diario\/wp-content\/uploads\/2018\/07\/nieve.jpeg","jetpack_sharing_enabled":true,"jetpack_shortlink":"https:\/\/wp.me\/p9fihK-1Ss","_links":{"self":[{"href":"http:\/\/dsrmedios.com.ar\/diario\/wp-json\/wp\/v2\/posts\/7220"}],"collection":[{"href":"http:\/\/dsrmedios.com.ar\/diario\/wp-json\/wp\/v2\/posts"}],"about":[{"href":"http:\/\/dsrmedios.com.ar\/diario\/wp-json\/wp\/v2\/types\/post"}],"author":[{"embeddable":true,"href":"http:\/\/dsrmedios.com.ar\/diario\/wp-json\/wp\/v2\/users\/5"}],"replies":[{"embeddable":true,"href":"http:\/\/dsrmedios.com.ar\/diario\/wp-json\/wp\/v2\/comments?post=7220"}],"version-history":[{"count":1,"href":"http:\/\/dsrmedios.com.ar\/diario\/wp-json\/wp\/v2\/posts\/7220\/revisions"}],"predecessor-version":[{"id":7222,"href":"http:\/\/dsrmedios.com.ar\/diario\/wp-json\/wp\/v2\/posts\/7220\/revisions\/7222"}],"wp:featuredmedia":[{"embeddable":true,"href":"http:\/\/dsrmedios.com.ar\/diario\/wp-json\/wp\/v2\/media\/7221"}],"wp:attachment":[{"href":"http:\/\/dsrmedios.com.ar\/diario\/wp-json\/wp\/v2\/media?parent=7220"}],"wp:term":[{"taxonomy":"category","embeddable":true,"href":"http:\/\/dsrmedios.com.ar\/diario\/wp-json\/wp\/v2\/categories?post=7220"},{"taxonomy":"post_tag","embeddable":true,"href":"http:\/\/dsrmedios.com.ar\/diario\/wp-json\/wp\/v2\/tags?post=7220"}],"curies":[{"name":"wp","href":"https:\/\/api.w.org\/{rel}","templated":true}]}}