{"id":7213,"date":"2018-07-19T07:05:46","date_gmt":"2018-07-19T10:05:46","guid":{"rendered":"http:\/\/dsrmedios.com.ar\/diario\/?p=7213"},"modified":"2018-07-18T17:18:14","modified_gmt":"2018-07-18T20:18:14","slug":"se-realizo-el-corte-de-cintas-para-dejar-inaugurada-la-132-expo-palermo","status":"publish","type":"post","link":"http:\/\/dsrmedios.com.ar\/diario\/archivos\/7213","title":{"rendered":"Se realiz\u00f3 el corte de cintas para dejar inaugurada la 132\u00b0 Expo Palermo"},"content":{"rendered":"<p>El tradicional corte de cintas de la Exposici\u00f3n Rural de Palermo \u2013 la 132\u00b0- se convirti\u00f3 hoy en nuevo escenario desde el cual el sector m\u00e1s poderoso del campo aprovech\u00f3 para rechazar cualquier intenci\u00f3n del Gobierno Nacional de tocar el sistema de retenciones. Si bien Mauricio Macri neg\u00f3 esa posibilidad, no son pocos los que dentro de Cambiemos piden una revisi\u00f3n de esa estrategia.<\/p>\n<p>&#8220;El campo no debe ser visto como una fuente apetecible e inagotable de recursos fiscales, sino como un aliado estrat\u00e9gico de la construcci\u00f3n de un modelo de pa\u00eds viable y sustentable&#8221;, el presidente de la Sociedad Rural Argentina (SRA), Daniel Pelegrina.<\/p>\n<p>A lado de Pellegrina hab\u00eda interlocutores de peso: estaban, entre otros, Horacio Rodr\u00edguez Larreta, Jefe de Gobierno porte\u00f1o y hombre fuerte del oficialismo, y el ministro de Agroindustria bonaerense Leonardo Sarqu\u00eds, enviado de Mar\u00eda Eugenia Vidal.<\/p>\n<p>&#8220;Invitamos a la dirigencia pol\u00edtica a que mire la otra cara de la moneda. Lo que el campo argentino propone, desde esta exposici\u00f3n rural, es una alianza entre el campo y las ciudades, entre lo p\u00fablico y el sector privado para poner al pa\u00eds en la senda de la reactivaci\u00f3n&#8221;, agreg\u00f3 Pelegrina.<\/p>\n<p>fuente:www.infocielo.com<\/p>\n","protected":false},"excerpt":{"rendered":"<div class=\"mh-excerpt\"><p>El tradicional corte de cintas de la Exposici\u00f3n Rural de Palermo \u2013 la 132\u00b0- se convirti\u00f3 hoy en nuevo escenario desde el cual el sector m\u00e1s poderoso del campo aprovech\u00f3 para rechazar cualquier intenci\u00f3n del Gobierno Nacional de tocar el sistema de retenciones. Si bien Mauricio Macri neg\u00f3 esa posibilidad, no son pocos los que dentro de Cambiemos piden una revisi\u00f3n de esa estrategia. &#8220;El campo no debe ser visto como una fuente apetecible e inagotable de recursos fiscales, sino como un aliado estrat\u00e9gico de la construcci\u00f3n de un modelo de pa\u00eds viable y sustentable&#8221;, el presidente de la Sociedad <a class=\"mh-excerpt-more\" href=\"http:\/\/dsrmedios.com.ar\/diario\/archivos\/7213\" title=\"Se realiz\u00f3 el corte de cintas para dejar inaugurada la 132\u00b0 Expo Palermo\">[Leer m\u00e1s]<\/a><\/p>\n<\/div>","protected":false},"author":5,"featured_media":7214,"comment_status":"open","ping_status":"closed","sticky":false,"template":"","format":"standard","meta":{"_jetpack_newsletter_access":""},"categories":[18,6],"tags":[],"jetpack_featured_media_url":"http:\/\/dsrmedios.com.ar\/diario\/wp-content\/uploads\/2018\/07\/rural11.jpg","jetpack_sharing_enabled":true,"jetpack_shortlink":"https:\/\/wp.me\/p9fihK-1Sl","_links":{"self":[{"href":"http:\/\/dsrmedios.com.ar\/diario\/wp-json\/wp\/v2\/posts\/7213"}],"collection":[{"href":"http:\/\/dsrmedios.com.ar\/diario\/wp-json\/wp\/v2\/posts"}],"about":[{"href":"http:\/\/dsrmedios.com.ar\/diario\/wp-json\/wp\/v2\/types\/post"}],"author":[{"embeddable":true,"href":"http:\/\/dsrmedios.com.ar\/diario\/wp-json\/wp\/v2\/users\/5"}],"replies":[{"embeddable":true,"href":"http:\/\/dsrmedios.com.ar\/diario\/wp-json\/wp\/v2\/comments?post=7213"}],"version-history":[{"count":1,"href":"http:\/\/dsrmedios.com.ar\/diario\/wp-json\/wp\/v2\/posts\/7213\/revisions"}],"predecessor-version":[{"id":7215,"href":"http:\/\/dsrmedios.com.ar\/diario\/wp-json\/wp\/v2\/posts\/7213\/revisions\/7215"}],"wp:featuredmedia":[{"embeddable":true,"href":"http:\/\/dsrmedios.com.ar\/diario\/wp-json\/wp\/v2\/media\/7214"}],"wp:attachment":[{"href":"http:\/\/dsrmedios.com.ar\/diario\/wp-json\/wp\/v2\/media?parent=7213"}],"wp:term":[{"taxonomy":"category","embeddable":true,"href":"http:\/\/dsrmedios.com.ar\/diario\/wp-json\/wp\/v2\/categories?post=7213"},{"taxonomy":"post_tag","embeddable":true,"href":"http:\/\/dsrmedios.com.ar\/diario\/wp-json\/wp\/v2\/tags?post=7213"}],"curies":[{"name":"wp","href":"https:\/\/api.w.org\/{rel}","templated":true}]}}