{"id":7207,"date":"2018-07-19T07:06:43","date_gmt":"2018-07-19T10:06:43","guid":{"rendered":"http:\/\/dsrmedios.com.ar\/diario\/?p=7207"},"modified":"2018-07-18T17:08:17","modified_gmt":"2018-07-18T20:08:17","slug":"vidal-pidio-la-renuncia-de-la-contadora-de-la-provincia-por-denuncia-de-aportes-truchos","status":"publish","type":"post","link":"http:\/\/dsrmedios.com.ar\/diario\/archivos\/7207","title":{"rendered":"Vidal pidi\u00f3 la renuncia de la contadora de la Provincia por denuncia de aportes truchos"},"content":{"rendered":"<p>La gobernadora bonaerense, Mar\u00eda Eugenia Vidal, anunci\u00f3 este mi\u00e9rcoles que le pidi\u00f3 la renuncia &#8220;preventivamente&#8221; a la contadora general de la provincia, Fernanda Inza, debido a las denuncias por donantes falsos durante la campa\u00f1a electoral de 2017.<\/p>\n<p>Adem\u00e1s, orden\u00f3 realizar una auditor\u00eda contable sobre los aportes a la alianza Cambiemos y se comprometi\u00f3 a bancarizar todas las donaciones que recibe si es que el a\u00f1o pr\u00f3ximo decide ser candidata.<\/p>\n<p>&#8220;Le he pedido hoy la renuncia a la contadora Fernanda Inza al cargo de la Contadur\u00eda General del gobierno de la Provincia. Form\u00f3 parte del equipo de rendici\u00f3n de campa\u00f1a. Hace muchos a\u00f1os que trabaja conmigo, la conozco, conf\u00edo en ella, no tengo ning\u00fan elemento que certifique el involucramiento en este caso&#8221;, remarc\u00f3 la mandataria.<\/p>\n<p>Y agreg\u00f3: &#8220;Pero el haberle pedido la renuncia preventivamente responde a demostrar que no somos todo lo mismo&#8221;.<\/p>\n<p>fuente:www.urgente24.com<\/p>\n","protected":false},"excerpt":{"rendered":"<div class=\"mh-excerpt\"><p>La gobernadora bonaerense, Mar\u00eda Eugenia Vidal, anunci\u00f3 este mi\u00e9rcoles que le pidi\u00f3 la renuncia &#8220;preventivamente&#8221; a la contadora general de la provincia, Fernanda Inza, debido a las denuncias por donantes falsos durante la campa\u00f1a electoral de 2017. Adem\u00e1s, orden\u00f3 realizar una auditor\u00eda contable sobre los aportes a la alianza Cambiemos y se comprometi\u00f3 a bancarizar todas las donaciones que recibe si es que el a\u00f1o pr\u00f3ximo decide ser candidata. &#8220;Le he pedido hoy la renuncia a la contadora Fernanda Inza al cargo de la Contadur\u00eda General del gobierno de la Provincia. Form\u00f3 parte del equipo de rendici\u00f3n de campa\u00f1a. Hace <a class=\"mh-excerpt-more\" href=\"http:\/\/dsrmedios.com.ar\/diario\/archivos\/7207\" title=\"Vidal pidi\u00f3 la renuncia de la contadora de la Provincia por denuncia de aportes truchos\">[Leer m\u00e1s]<\/a><\/p>\n<\/div>","protected":false},"author":5,"featured_media":7208,"comment_status":"open","ping_status":"closed","sticky":false,"template":"","format":"standard","meta":{"_jetpack_newsletter_access":""},"categories":[18,7],"tags":[],"jetpack_featured_media_url":"http:\/\/dsrmedios.com.ar\/diario\/wp-content\/uploads\/2018\/07\/tesorera.jpg","jetpack_sharing_enabled":true,"jetpack_shortlink":"https:\/\/wp.me\/p9fihK-1Sf","_links":{"self":[{"href":"http:\/\/dsrmedios.com.ar\/diario\/wp-json\/wp\/v2\/posts\/7207"}],"collection":[{"href":"http:\/\/dsrmedios.com.ar\/diario\/wp-json\/wp\/v2\/posts"}],"about":[{"href":"http:\/\/dsrmedios.com.ar\/diario\/wp-json\/wp\/v2\/types\/post"}],"author":[{"embeddable":true,"href":"http:\/\/dsrmedios.com.ar\/diario\/wp-json\/wp\/v2\/users\/5"}],"replies":[{"embeddable":true,"href":"http:\/\/dsrmedios.com.ar\/diario\/wp-json\/wp\/v2\/comments?post=7207"}],"version-history":[{"count":1,"href":"http:\/\/dsrmedios.com.ar\/diario\/wp-json\/wp\/v2\/posts\/7207\/revisions"}],"predecessor-version":[{"id":7209,"href":"http:\/\/dsrmedios.com.ar\/diario\/wp-json\/wp\/v2\/posts\/7207\/revisions\/7209"}],"wp:featuredmedia":[{"embeddable":true,"href":"http:\/\/dsrmedios.com.ar\/diario\/wp-json\/wp\/v2\/media\/7208"}],"wp:attachment":[{"href":"http:\/\/dsrmedios.com.ar\/diario\/wp-json\/wp\/v2\/media?parent=7207"}],"wp:term":[{"taxonomy":"category","embeddable":true,"href":"http:\/\/dsrmedios.com.ar\/diario\/wp-json\/wp\/v2\/categories?post=7207"},{"taxonomy":"post_tag","embeddable":true,"href":"http:\/\/dsrmedios.com.ar\/diario\/wp-json\/wp\/v2\/tags?post=7207"}],"curies":[{"name":"wp","href":"https:\/\/api.w.org\/{rel}","templated":true}]}}