{"id":7176,"date":"2018-07-18T08:30:01","date_gmt":"2018-07-18T11:30:01","guid":{"rendered":"http:\/\/dsrmedios.com.ar\/diario\/?p=7176"},"modified":"2018-07-18T08:30:01","modified_gmt":"2018-07-18T11:30:01","slug":"la-inflacion-es-la-mas-alta-del-ano-con-37-en-junio","status":"publish","type":"post","link":"http:\/\/dsrmedios.com.ar\/diario\/archivos\/7176","title":{"rendered":"La inflaci\u00f3n es la m\u00e1s alta del a\u00f1o con 3,7% en Junio"},"content":{"rendered":"<p>Lo hab\u00eda dicho el Gobierno d\u00edas atr\u00e1s cuando estim\u00f3 que el \u00edndice de precios (IPC) oficial de junio se ubicar\u00eda entre el 3,5% y el 4%. As\u00ed fue, el Instituto Nacional de Estad\u00edsticas y Censos (INDEC) difundi\u00f3 su informe donde se registra un incremento del 3,7%. Eso s\u00ed, lejos de las metas inflacionarias.<\/p>\n<p>Es que el Gobierno desintegr\u00f3 la meta del 15% en s\u00f3lo un semestre. De seguir la tendencia, la inflaci\u00f3n para 2018 tendr\u00eda un piso del 30%, mientras que en el acuerdo firmado con el Fondo Monetario Internacional establece que el aumento de precios en el pa\u00eds oscilar\u00eda entre un 25 a un 32%.<\/p>\n<p>Desde que el Gobierno acord\u00f3 con el Fondo Monetario Internacional, todas las variables econ\u00f3micas se vieron afectadas y se encaminan, aceleradamente, a una grave recesi\u00f3n. Es que entre requisitos del organismo internacional de cr\u00e9dito, adem\u00e1s de la independencia del Banco Central y la condici\u00f3n de reforzar el ajuste para reducir el d\u00e9ficit fiscal de manera r\u00e1pida, se encuentra el pedido de la elaboraci\u00f3n de metas de inflaci\u00f3n &#8220;realistas&#8221;.<\/p>\n<p>La informaci\u00f3n difundida por el INDEC est\u00e1 en sinton\u00eda con los estudios de las consultoras privadas. Eco Go, donde participa el economista Federico Furiase, afirma que la inflaci\u00f3n general de junio ser\u00e1 de 3,7%. En tanto la medici\u00f3n del Instituto Estad\u00edstico de los Trabajadores ronda el 3,5%.<\/p>\n<p>En cambio para la consultora de Orlando Ferreres, junio trajo aumentos de 3,9%, motorizada, por ejemplo, por una suba del 4,3% en alimentos y bebidas. En tanto para Elypsis, la variaci\u00f3n de los precios fue del 3,8%.<\/p>\n<p>La meta de inflaci\u00f3n de 25% parece demasiado optimista, porque a principio de a\u00f1o el Gobierno hab\u00eda anunciado que el aumento de precios anual rondar\u00eda el 15%. El documento firmando con el FMI establece para el pr\u00f3ximo a\u00f1o un compromiso de evitar que la inflaci\u00f3n supere el 17%.<\/p>\n<p>fuente:Infocielo.com<\/p>\n","protected":false},"excerpt":{"rendered":"<div class=\"mh-excerpt\"><p>Lo hab\u00eda dicho el Gobierno d\u00edas atr\u00e1s cuando estim\u00f3 que el \u00edndice de precios (IPC) oficial de junio se ubicar\u00eda entre el 3,5% y el 4%. As\u00ed fue, el Instituto Nacional de Estad\u00edsticas y Censos (INDEC) difundi\u00f3 su informe donde se registra un incremento del 3,7%. Eso s\u00ed, lejos de las metas inflacionarias. Es que el Gobierno desintegr\u00f3 la meta del 15% en s\u00f3lo un semestre. De seguir la tendencia, la inflaci\u00f3n para 2018 tendr\u00eda un piso del 30%, mientras que en el acuerdo firmado con el Fondo Monetario Internacional establece que el aumento de precios en el pa\u00eds oscilar\u00eda <a class=\"mh-excerpt-more\" href=\"http:\/\/dsrmedios.com.ar\/diario\/archivos\/7176\" title=\"La inflaci\u00f3n es la m\u00e1s alta del a\u00f1o con 3,7% en Junio\">[Leer m\u00e1s]<\/a><\/p>\n<\/div>","protected":false},"author":5,"featured_media":2479,"comment_status":"open","ping_status":"closed","sticky":false,"template":"","format":"standard","meta":{"_jetpack_newsletter_access":""},"categories":[18,6],"tags":[],"jetpack_featured_media_url":"http:\/\/dsrmedios.com.ar\/diario\/wp-content\/uploads\/2017\/11\/inflacion.jpg","jetpack_sharing_enabled":true,"jetpack_shortlink":"https:\/\/wp.me\/p9fihK-1RK","_links":{"self":[{"href":"http:\/\/dsrmedios.com.ar\/diario\/wp-json\/wp\/v2\/posts\/7176"}],"collection":[{"href":"http:\/\/dsrmedios.com.ar\/diario\/wp-json\/wp\/v2\/posts"}],"about":[{"href":"http:\/\/dsrmedios.com.ar\/diario\/wp-json\/wp\/v2\/types\/post"}],"author":[{"embeddable":true,"href":"http:\/\/dsrmedios.com.ar\/diario\/wp-json\/wp\/v2\/users\/5"}],"replies":[{"embeddable":true,"href":"http:\/\/dsrmedios.com.ar\/diario\/wp-json\/wp\/v2\/comments?post=7176"}],"version-history":[{"count":1,"href":"http:\/\/dsrmedios.com.ar\/diario\/wp-json\/wp\/v2\/posts\/7176\/revisions"}],"predecessor-version":[{"id":7177,"href":"http:\/\/dsrmedios.com.ar\/diario\/wp-json\/wp\/v2\/posts\/7176\/revisions\/7177"}],"wp:featuredmedia":[{"embeddable":true,"href":"http:\/\/dsrmedios.com.ar\/diario\/wp-json\/wp\/v2\/media\/2479"}],"wp:attachment":[{"href":"http:\/\/dsrmedios.com.ar\/diario\/wp-json\/wp\/v2\/media?parent=7176"}],"wp:term":[{"taxonomy":"category","embeddable":true,"href":"http:\/\/dsrmedios.com.ar\/diario\/wp-json\/wp\/v2\/categories?post=7176"},{"taxonomy":"post_tag","embeddable":true,"href":"http:\/\/dsrmedios.com.ar\/diario\/wp-json\/wp\/v2\/tags?post=7176"}],"curies":[{"name":"wp","href":"https:\/\/api.w.org\/{rel}","templated":true}]}}