{"id":7159,"date":"2018-07-17T08:04:01","date_gmt":"2018-07-17T11:04:01","guid":{"rendered":"http:\/\/dsrmedios.com.ar\/diario\/?p=7159"},"modified":"2018-07-17T08:04:01","modified_gmt":"2018-07-17T11:04:01","slug":"la-provincia-demorara-obras-de-infraestructura-para-atender-la-demanda-social","status":"publish","type":"post","link":"http:\/\/dsrmedios.com.ar\/diario\/archivos\/7159","title":{"rendered":"La Provincia demorar\u00e1 obras de infraestructura para atender la demanda social"},"content":{"rendered":"<p>&#8220;Se viven meses dif\u00edciles, la inflaci\u00f3n es m\u00e1s alta de la esperada&#8221;, dijo d\u00edas atr\u00e1s Mar\u00eda Eugenia Vidal sobre la situaci\u00f3n econ\u00f3mica y social. Con este panorama de fondo, reforzar\u00e1 los planes sociales y postergar\u00e1 la obra p\u00fablica para atender las demandas de los sectores m\u00e1s vulnerables.<\/p>\n<p>La gobernadora bonaerense decidi\u00f3 demorar el desarrollo en infraestructura para contribuir con la reducci\u00f3n del d\u00e9ficit fiscal, como parte de las metas acordadas por el Gobierno con el Fondo Monetario Internacional (FMI) por el pr\u00e9stamo por U$S 50 mil millones para la Argentina.<\/p>\n<p>Las medidas se toman, adem\u00e1s, en medio de las negociaciones entre el Ejecutivo con la Provincia por el traspaso de costos de subsidios de servicios energ\u00e9ticos, como el caso de Edesur y Edenor. Ambos distritos condicionan el ajuste de gastos a que el Gobierno les permita definir en qu\u00e9 \u00e1reas har\u00e1n los recortes.<\/p>\n<p>En medio de la delicada situaci\u00f3n econ\u00f3mica por la devaluaci\u00f3n y la suba de la inflaci\u00f3n, la gobernadora decidi\u00f3 priorizar la ayuda a los sectores m\u00e1s necesitados. Como medida adicional, d\u00edas atr\u00e1s relanz\u00f3 el beneficio de 50% de descuento para los usuarios de tarjetas del Banco Provincia en la compra de alimentos, bebidas no alcoh\u00f3licas y productos de limpieza. La medida apunta a sostener el consumo en el distrito.<\/p>\n<p>Vidal busca por todos los medios evitar que el ajuste de gastos impacte en materia social. Es por eso que le pidi\u00f3 a su equipo que trabaje en un aumento de fondos, en este sentido, medida que anunciar\u00e1 en los pr\u00f3ximos d\u00edas. La gobernadora cree igualmente que la situaci\u00f3n actual &#8220;es transitoria&#8221; y que la Argentina &#8220;se va a recuperar&#8221;.<\/p>\n<p>D\u00edas atr\u00e1s Vidal hizo p\u00fablica su visi\u00f3n sobre el futuro al afirmar que el presidente Macri tom\u00f3 &#8220;el mejor camino posible&#8221; para el pa\u00eds. El recorte de gastos que planea el Gobierno ser\u00eda de unos $ 300 mil millones, un 50% m\u00e1s de lo estipulado inicialmente. El Ejecutivo se har\u00eda cargo de la mitad de ese monto, y el resto deber\u00e1 ser asumido por las provincias.<\/p>\n<p>Esta semana el ministro del Interior Rogelio Frigerio se reunir\u00e1 con gobernadores para definir qu\u00e9 \u00e1reas estar\u00e1n afectadas por la poda: se eval\u00faan reducciones en gastos corrientes, salud, educaci\u00f3n y obra p\u00fablica.<\/p>\n<p>fuente:www.labrujula24.com<\/p>\n","protected":false},"excerpt":{"rendered":"<div class=\"mh-excerpt\"><p>&#8220;Se viven meses dif\u00edciles, la inflaci\u00f3n es m\u00e1s alta de la esperada&#8221;, dijo d\u00edas atr\u00e1s Mar\u00eda Eugenia Vidal sobre la situaci\u00f3n econ\u00f3mica y social. Con este panorama de fondo, reforzar\u00e1 los planes sociales y postergar\u00e1 la obra p\u00fablica para atender las demandas de los sectores m\u00e1s vulnerables. La gobernadora bonaerense decidi\u00f3 demorar el desarrollo en infraestructura para contribuir con la reducci\u00f3n del d\u00e9ficit fiscal, como parte de las metas acordadas por el Gobierno con el Fondo Monetario Internacional (FMI) por el pr\u00e9stamo por U$S 50 mil millones para la Argentina. Las medidas se toman, adem\u00e1s, en medio de las negociaciones <a class=\"mh-excerpt-more\" href=\"http:\/\/dsrmedios.com.ar\/diario\/archivos\/7159\" title=\"La Provincia demorar\u00e1 obras de infraestructura para atender la demanda social\">[Leer m\u00e1s]<\/a><\/p>\n<\/div>","protected":false},"author":5,"featured_media":5031,"comment_status":"open","ping_status":"closed","sticky":false,"template":"","format":"standard","meta":{"_jetpack_newsletter_access":""},"categories":[18,7],"tags":[],"jetpack_featured_media_url":"http:\/\/dsrmedios.com.ar\/diario\/wp-content\/uploads\/2018\/03\/vidal-salvador.jpg","jetpack_sharing_enabled":true,"jetpack_shortlink":"https:\/\/wp.me\/p9fihK-1Rt","_links":{"self":[{"href":"http:\/\/dsrmedios.com.ar\/diario\/wp-json\/wp\/v2\/posts\/7159"}],"collection":[{"href":"http:\/\/dsrmedios.com.ar\/diario\/wp-json\/wp\/v2\/posts"}],"about":[{"href":"http:\/\/dsrmedios.com.ar\/diario\/wp-json\/wp\/v2\/types\/post"}],"author":[{"embeddable":true,"href":"http:\/\/dsrmedios.com.ar\/diario\/wp-json\/wp\/v2\/users\/5"}],"replies":[{"embeddable":true,"href":"http:\/\/dsrmedios.com.ar\/diario\/wp-json\/wp\/v2\/comments?post=7159"}],"version-history":[{"count":1,"href":"http:\/\/dsrmedios.com.ar\/diario\/wp-json\/wp\/v2\/posts\/7159\/revisions"}],"predecessor-version":[{"id":7160,"href":"http:\/\/dsrmedios.com.ar\/diario\/wp-json\/wp\/v2\/posts\/7159\/revisions\/7160"}],"wp:featuredmedia":[{"embeddable":true,"href":"http:\/\/dsrmedios.com.ar\/diario\/wp-json\/wp\/v2\/media\/5031"}],"wp:attachment":[{"href":"http:\/\/dsrmedios.com.ar\/diario\/wp-json\/wp\/v2\/media?parent=7159"}],"wp:term":[{"taxonomy":"category","embeddable":true,"href":"http:\/\/dsrmedios.com.ar\/diario\/wp-json\/wp\/v2\/categories?post=7159"},{"taxonomy":"post_tag","embeddable":true,"href":"http:\/\/dsrmedios.com.ar\/diario\/wp-json\/wp\/v2\/tags?post=7159"}],"curies":[{"name":"wp","href":"https:\/\/api.w.org\/{rel}","templated":true}]}}