{"id":7156,"date":"2018-07-17T07:58:40","date_gmt":"2018-07-17T10:58:40","guid":{"rendered":"http:\/\/dsrmedios.com.ar\/diario\/?p=7156"},"modified":"2018-07-17T07:58:40","modified_gmt":"2018-07-17T10:58:40","slug":"el-consumo-de-productos-masivos-cayo-9-en-el-ultimo-bimestre","status":"publish","type":"post","link":"http:\/\/dsrmedios.com.ar\/diario\/archivos\/7156","title":{"rendered":"El consumo de productos masivos cay\u00f3 9% en el \u00faltimo bimestre"},"content":{"rendered":"<p>El presidente del Instituto de Estudio de Consumo Masivo (Indecom), Miguel \u00c1ngel Calvete, manifest\u00f3 que &#8220;el consumo de productos masivos cay\u00f3 un 9% en el \u00faltimo bimestre a ra\u00edz del impacto de la devaluaci\u00f3n en los precios y en el comportamiento de los consumidores&#8221;.<\/p>\n<p>Entonces dijo que &#8220;descendi\u00f3 el consumo de bienes durables&#8221; y que se registra un cambio en los h\u00e1bitos de consumo, como la migraci\u00f3n de los consumidores al canal mayorista o las ferias barriales&#8221;.<\/p>\n<p>Calvete, quien tambi\u00e9n preside la Federaci\u00f3n de Supermercados y Asociaciones Chinas, denunci\u00f3 la &#8220;fuerte distorsi\u00f3n de precios&#8221; y plante\u00f3 que &#8220;lo que falta en Argentina es tener precios de referencia&#8221;.<\/p>\n<p>En declaraciones a Radio Cooperativa, sostuvo que &#8220;el nivel de cheques rechazados en de m\u00e1s del 150% y la tasa anual de descuentos est\u00e1 por encima del 100%, mientras que los plazos de cobro se est\u00e1n estirando en un promedio de 30 a 35 originales&#8221;.<\/p>\n<p>&#8220;No hay corte de la cadena de pago, pero s\u00ed un retraso&#8221;, consider\u00f3 y agreg\u00f3 que &#8220;hasta que no se tomen medidas de fondo sobre las Pymes, la situaci\u00f3n es complicada&#8221;.<\/p>\n<p>fuente:www.infocielo.com<\/p>\n","protected":false},"excerpt":{"rendered":"<div class=\"mh-excerpt\"><p>El presidente del Instituto de Estudio de Consumo Masivo (Indecom), Miguel \u00c1ngel Calvete, manifest\u00f3 que &#8220;el consumo de productos masivos cay\u00f3 un 9% en el \u00faltimo bimestre a ra\u00edz del impacto de la devaluaci\u00f3n en los precios y en el comportamiento de los consumidores&#8221;. Entonces dijo que &#8220;descendi\u00f3 el consumo de bienes durables&#8221; y que se registra un cambio en los h\u00e1bitos de consumo, como la migraci\u00f3n de los consumidores al canal mayorista o las ferias barriales&#8221;. Calvete, quien tambi\u00e9n preside la Federaci\u00f3n de Supermercados y Asociaciones Chinas, denunci\u00f3 la &#8220;fuerte distorsi\u00f3n de precios&#8221; y plante\u00f3 que &#8220;lo que falta <a class=\"mh-excerpt-more\" href=\"http:\/\/dsrmedios.com.ar\/diario\/archivos\/7156\" title=\"El consumo de productos masivos cay\u00f3 9% en el \u00faltimo bimestre\">[Leer m\u00e1s]<\/a><\/p>\n<\/div>","protected":false},"author":5,"featured_media":7157,"comment_status":"open","ping_status":"closed","sticky":false,"template":"","format":"standard","meta":{"_jetpack_newsletter_access":""},"categories":[18,6],"tags":[],"jetpack_featured_media_url":"http:\/\/dsrmedios.com.ar\/diario\/wp-content\/uploads\/2018\/07\/banner-consumo-masivo-01.jpg","jetpack_sharing_enabled":true,"jetpack_shortlink":"https:\/\/wp.me\/p9fihK-1Rq","_links":{"self":[{"href":"http:\/\/dsrmedios.com.ar\/diario\/wp-json\/wp\/v2\/posts\/7156"}],"collection":[{"href":"http:\/\/dsrmedios.com.ar\/diario\/wp-json\/wp\/v2\/posts"}],"about":[{"href":"http:\/\/dsrmedios.com.ar\/diario\/wp-json\/wp\/v2\/types\/post"}],"author":[{"embeddable":true,"href":"http:\/\/dsrmedios.com.ar\/diario\/wp-json\/wp\/v2\/users\/5"}],"replies":[{"embeddable":true,"href":"http:\/\/dsrmedios.com.ar\/diario\/wp-json\/wp\/v2\/comments?post=7156"}],"version-history":[{"count":1,"href":"http:\/\/dsrmedios.com.ar\/diario\/wp-json\/wp\/v2\/posts\/7156\/revisions"}],"predecessor-version":[{"id":7158,"href":"http:\/\/dsrmedios.com.ar\/diario\/wp-json\/wp\/v2\/posts\/7156\/revisions\/7158"}],"wp:featuredmedia":[{"embeddable":true,"href":"http:\/\/dsrmedios.com.ar\/diario\/wp-json\/wp\/v2\/media\/7157"}],"wp:attachment":[{"href":"http:\/\/dsrmedios.com.ar\/diario\/wp-json\/wp\/v2\/media?parent=7156"}],"wp:term":[{"taxonomy":"category","embeddable":true,"href":"http:\/\/dsrmedios.com.ar\/diario\/wp-json\/wp\/v2\/categories?post=7156"},{"taxonomy":"post_tag","embeddable":true,"href":"http:\/\/dsrmedios.com.ar\/diario\/wp-json\/wp\/v2\/tags?post=7156"}],"curies":[{"name":"wp","href":"https:\/\/api.w.org\/{rel}","templated":true}]}}