{"id":7153,"date":"2018-07-17T07:55:53","date_gmt":"2018-07-17T10:55:53","guid":{"rendered":"http:\/\/dsrmedios.com.ar\/diario\/?p=7153"},"modified":"2018-07-17T07:55:53","modified_gmt":"2018-07-17T10:55:53","slug":"la-justicia-ordeno-cerrar-el-ingreso-de-nuevos-detenidos-a-la-carcel-de-saaavedra","status":"publish","type":"post","link":"http:\/\/dsrmedios.com.ar\/diario\/archivos\/7153","title":{"rendered":"La Justicia orden\u00f3 cerrar el ingreso de nuevos detenidos a la c\u00e1rcel de Saaavedra"},"content":{"rendered":"<p>La justicia orden\u00f3 rohibir el ingreso de nuevos detenidos a la c\u00e1rcel de Saavedra hasta que se mejoren las condiciones en la que se encuentran particularmente dos pabellones. De este modo, acept\u00f3 un recurso de habeas corpus a favor de los reclusos de la Unidad Penal N\u00ba 19 que se encuentra en una situaci\u00f3n de sobrepoblaci\u00f3n como todo el Servicio Penitenciario Bonaerense, que tiene unas 28 mil plazas, pero m\u00e1s de 42 mil detenidos.<\/p>\n<p>La medida, que hab\u00eda sido dispuesta por la jueza de Garant\u00edas N\u00ba 3, Susana Calcinelli, fue confirmada ahora por la Sala I de la C\u00e1mara Penal, con los votos de los jueces Pablo Soumoulou y Guillermo Giambelluca.<\/p>\n<p>La C\u00e1mara rechaz\u00f3 la apelaci\u00f3n formulada por el doctor Maximiliano Veloso, director provincial de Asuntos Contenciosos de la Subsecretar\u00eda de Pol\u00edtica Penitenciaria.<\/p>\n<p>La resoluci\u00f3n \u201cno fue arbitraria ni irrazonable\u201d, explic\u00f3 la C\u00e1mara. La misma se tom\u00f3 a partir de una visita institucional al establecimiento carcelario, el 26 de abril pasado, por parte de la jueza Calcinelli.<\/p>\n<p>La magistrada sostuvo que tanto el pabell\u00f3n de Separaci\u00f3n del \u00c1rea de Convivencia (denominado SAC), como en el pabell\u00f3n N\u00ba 7, de modalidad estricta, \u201cexisten falencias de car\u00e1cter estructural\u201d.<\/p>\n<p>Cit\u00f3 humedad en paredes y pisos, roturas de vidrios, presencia de moscas, malas condiciones de higiene, canillas rotas o con p\u00e9rdidas de agua en algunas celdas, colchones en malas condiciones o falta de los mismos. Tambi\u00e9n anot\u00f3 quejas por la comida y que algunos internos est\u00e1n las 24 horas encerrados en sus celdas. Todo eso, a criterio de la C\u00e1mara, configura un \u201cagravamiento de las condiciones de detenci\u00f3n\u201d.<\/p>\n<p>Calcinelli dispuso la fumigaci\u00f3n de los pabellones, la reparaci\u00f3n de las ca\u00f1er\u00edas y canillas, como as\u00ed el destape cloacal pertinente y la reposici\u00f3n de vidrios y tambi\u00e9n prohibi\u00f3 el ingreso de nuevos detenidos hasta que se provean los colchones necesarios.<\/p>\n<p>Seg\u00fan trascendi\u00f3, en el penal saavedrense ingresaron m\u00e1s de 100 internos nuevos, con lo cual la capacidad de 750 plazas est\u00e1 superada. Si bien el n\u00famero es din\u00e1mico, se estima que hay en la actualidad casi 900 internos en el lugar.<\/p>\n<p>fuente:www.infocielo.com<\/p>\n","protected":false},"excerpt":{"rendered":"<div class=\"mh-excerpt\"><p>La justicia orden\u00f3 rohibir el ingreso de nuevos detenidos a la c\u00e1rcel de Saavedra hasta que se mejoren las condiciones en la que se encuentran particularmente dos pabellones. De este modo, acept\u00f3 un recurso de habeas corpus a favor de los reclusos de la Unidad Penal N\u00ba 19 que se encuentra en una situaci\u00f3n de sobrepoblaci\u00f3n como todo el Servicio Penitenciario Bonaerense, que tiene unas 28 mil plazas, pero m\u00e1s de 42 mil detenidos. La medida, que hab\u00eda sido dispuesta por la jueza de Garant\u00edas N\u00ba 3, Susana Calcinelli, fue confirmada ahora por la Sala I de la C\u00e1mara Penal, <a class=\"mh-excerpt-more\" href=\"http:\/\/dsrmedios.com.ar\/diario\/archivos\/7153\" title=\"La Justicia orden\u00f3 cerrar el ingreso de nuevos detenidos a la c\u00e1rcel de Saaavedra\">[Leer m\u00e1s]<\/a><\/p>\n<\/div>","protected":false},"author":5,"featured_media":7154,"comment_status":"open","ping_status":"closed","sticky":false,"template":"","format":"standard","meta":{"_jetpack_newsletter_access":""},"categories":[18,31],"tags":[],"jetpack_featured_media_url":"http:\/\/dsrmedios.com.ar\/diario\/wp-content\/uploads\/2018\/07\/carcel-de-saavedra.jpg","jetpack_sharing_enabled":true,"jetpack_shortlink":"https:\/\/wp.me\/p9fihK-1Rn","_links":{"self":[{"href":"http:\/\/dsrmedios.com.ar\/diario\/wp-json\/wp\/v2\/posts\/7153"}],"collection":[{"href":"http:\/\/dsrmedios.com.ar\/diario\/wp-json\/wp\/v2\/posts"}],"about":[{"href":"http:\/\/dsrmedios.com.ar\/diario\/wp-json\/wp\/v2\/types\/post"}],"author":[{"embeddable":true,"href":"http:\/\/dsrmedios.com.ar\/diario\/wp-json\/wp\/v2\/users\/5"}],"replies":[{"embeddable":true,"href":"http:\/\/dsrmedios.com.ar\/diario\/wp-json\/wp\/v2\/comments?post=7153"}],"version-history":[{"count":1,"href":"http:\/\/dsrmedios.com.ar\/diario\/wp-json\/wp\/v2\/posts\/7153\/revisions"}],"predecessor-version":[{"id":7155,"href":"http:\/\/dsrmedios.com.ar\/diario\/wp-json\/wp\/v2\/posts\/7153\/revisions\/7155"}],"wp:featuredmedia":[{"embeddable":true,"href":"http:\/\/dsrmedios.com.ar\/diario\/wp-json\/wp\/v2\/media\/7154"}],"wp:attachment":[{"href":"http:\/\/dsrmedios.com.ar\/diario\/wp-json\/wp\/v2\/media?parent=7153"}],"wp:term":[{"taxonomy":"category","embeddable":true,"href":"http:\/\/dsrmedios.com.ar\/diario\/wp-json\/wp\/v2\/categories?post=7153"},{"taxonomy":"post_tag","embeddable":true,"href":"http:\/\/dsrmedios.com.ar\/diario\/wp-json\/wp\/v2\/tags?post=7153"}],"curies":[{"name":"wp","href":"https:\/\/api.w.org\/{rel}","templated":true}]}}