{"id":7150,"date":"2018-07-17T07:46:55","date_gmt":"2018-07-17T10:46:55","guid":{"rendered":"http:\/\/dsrmedios.com.ar\/diario\/?p=7150"},"modified":"2018-07-17T07:46:55","modified_gmt":"2018-07-17T10:46:55","slug":"el-subsecretario-de-trabajo-de-la-provincia-se-reunio-con-jovenes-de-la-ucr-de-la-region","status":"publish","type":"post","link":"http:\/\/dsrmedios.com.ar\/diario\/archivos\/7150","title":{"rendered":"El subsecretario de trabajo de la Provincia se reuni\u00f3 con jovenes de la UCR de la regi\u00f3n"},"content":{"rendered":"<p>El pasado fin de semana, el Subsecretario de Trabajo de la Provincia de Buenos Aires y Secretario de Asuntos Pol\u00edticos del Provincia, Horacio Barreiro, particip\u00f3 de la reuni\u00f3n seccional de la VI secci\u00f3n electoral en la ciudad de Benito Ju\u00e1rez.<\/p>\n<p>Barreiro disert\u00f3 frente a los j\u00f3venes presentes sobre la situaci\u00f3n en la que est\u00e1 la provincia \u201c\u2026los 30 meses de gobierno de Vidal y Salvador son mejores que los 30 a\u00f1os anteriores de la provincia\u2026.\u201d<\/p>\n<p>\u201c\u2026me pone muy feliz como ex Presidente de la Juventud Radical, ver que tantos a\u00f1os despu\u00e9s la JR siga siendo nuestro semillero de dirigentes y funcionarios. Adelante y a seguir trabajando por nuestra provincia\u201d.<\/p>\n<p>Carolina Ruggiero, Directora de Pol\u00edticas Socioeducativas en la Provincia, present\u00f3 tambi\u00e9n su exposici\u00f3n sobre Pol\u00edticas Socioeducativas y un Parlamento Juvenil. Adem\u00e1s de Carolina y Horacio, dos secretarios de la juventud seccional hicieron sus intervenciones para dar pie al debate de los delegados y, finalmente, a la cena para cerrar la concurrida jornada de militancia en Benito Ju\u00e1rez.<\/p>\n","protected":false},"excerpt":{"rendered":"<div class=\"mh-excerpt\"><p>El pasado fin de semana, el Subsecretario de Trabajo de la Provincia de Buenos Aires y Secretario de Asuntos Pol\u00edticos del Provincia, Horacio Barreiro, particip\u00f3 de la reuni\u00f3n seccional de la VI secci\u00f3n electoral en la ciudad de Benito Ju\u00e1rez. Barreiro disert\u00f3 frente a los j\u00f3venes presentes sobre la situaci\u00f3n en la que est\u00e1 la provincia \u201c\u2026los 30 meses de gobierno de Vidal y Salvador son mejores que los 30 a\u00f1os anteriores de la provincia\u2026.\u201d \u201c\u2026me pone muy feliz como ex Presidente de la Juventud Radical, ver que tantos a\u00f1os despu\u00e9s la JR siga siendo nuestro semillero de dirigentes y <a class=\"mh-excerpt-more\" href=\"http:\/\/dsrmedios.com.ar\/diario\/archivos\/7150\" title=\"El subsecretario de trabajo de la Provincia se reuni\u00f3 con jovenes de la UCR de la regi\u00f3n\">[Leer m\u00e1s]<\/a><\/p>\n<\/div>","protected":false},"author":5,"featured_media":7151,"comment_status":"open","ping_status":"closed","sticky":false,"template":"","format":"standard","meta":{"_jetpack_newsletter_access":""},"categories":[18,31],"tags":[],"jetpack_featured_media_url":"http:\/\/dsrmedios.com.ar\/diario\/wp-content\/uploads\/2018\/07\/Barreiro-en-la-seccional-de-la-sexta-800x445.png","jetpack_sharing_enabled":true,"jetpack_shortlink":"https:\/\/wp.me\/p9fihK-1Rk","_links":{"self":[{"href":"http:\/\/dsrmedios.com.ar\/diario\/wp-json\/wp\/v2\/posts\/7150"}],"collection":[{"href":"http:\/\/dsrmedios.com.ar\/diario\/wp-json\/wp\/v2\/posts"}],"about":[{"href":"http:\/\/dsrmedios.com.ar\/diario\/wp-json\/wp\/v2\/types\/post"}],"author":[{"embeddable":true,"href":"http:\/\/dsrmedios.com.ar\/diario\/wp-json\/wp\/v2\/users\/5"}],"replies":[{"embeddable":true,"href":"http:\/\/dsrmedios.com.ar\/diario\/wp-json\/wp\/v2\/comments?post=7150"}],"version-history":[{"count":1,"href":"http:\/\/dsrmedios.com.ar\/diario\/wp-json\/wp\/v2\/posts\/7150\/revisions"}],"predecessor-version":[{"id":7152,"href":"http:\/\/dsrmedios.com.ar\/diario\/wp-json\/wp\/v2\/posts\/7150\/revisions\/7152"}],"wp:featuredmedia":[{"embeddable":true,"href":"http:\/\/dsrmedios.com.ar\/diario\/wp-json\/wp\/v2\/media\/7151"}],"wp:attachment":[{"href":"http:\/\/dsrmedios.com.ar\/diario\/wp-json\/wp\/v2\/media?parent=7150"}],"wp:term":[{"taxonomy":"category","embeddable":true,"href":"http:\/\/dsrmedios.com.ar\/diario\/wp-json\/wp\/v2\/categories?post=7150"},{"taxonomy":"post_tag","embeddable":true,"href":"http:\/\/dsrmedios.com.ar\/diario\/wp-json\/wp\/v2\/tags?post=7150"}],"curies":[{"name":"wp","href":"https:\/\/api.w.org\/{rel}","templated":true}]}}