{"id":7143,"date":"2018-07-17T07:03:48","date_gmt":"2018-07-17T10:03:48","guid":{"rendered":"http:\/\/dsrmedios.com.ar\/diario\/?p=7143"},"modified":"2018-07-16T18:33:05","modified_gmt":"2018-07-16T21:33:05","slug":"mbappe-fue-el-primer-animal-en-ingresar-a-la-expo-palermo-2018","status":"publish","type":"post","link":"http:\/\/dsrmedios.com.ar\/diario\/archivos\/7143","title":{"rendered":"Mbappe fu\u00e9 el primer animal en ingresar a la Expo Palermo 2018"},"content":{"rendered":"<p>Un toro Angus, de 920 kilos, llamado &#8220;Mbapp\u00e9&#8221;, se convirti\u00f3 hoy en el primer animal en ingresar al predio palermitano para participar de la 132\u00b0 Exposici\u00f3n Rural de Ganader\u00eda, Agricultura e Industria Internacional.<\/p>\n<p>Al igual que el a\u00f1o pasado, el ejemplar pertenece a la caba\u00f1a Curac\u00f3, de General Acha, La Pampa. El animal es un toro Angus de un a\u00f1o y diez meses de edad y competir\u00e1 en la categor\u00eda dos a\u00f1os menor de la raza.<\/p>\n<p>El nombre del animal fue en honor a Kylian Mbapp\u00e9, jugador del seleccionado de Francia, flamante campe\u00f3n del Muidial de f\u00fatbol de Rusia. &#8220;En este a\u00f1o de pasi\u00f3n mundialista queremos honrar a la figura de la selecci\u00f3n campeona del mundo, Kylian Mbapp\u00e9, haciendo foco en el esfuerzo, el sacrificio, la dedicaci\u00f3n y el trabajo que es llegar hasta Palermo y participar de este gran evento ganadero&#8221;, afirm\u00f3 Luciano Trappa, presidente de la caba\u00f1a Curaco.<\/p>\n<p>fuente:www.aninoticias.com<\/p>\n","protected":false},"excerpt":{"rendered":"<div class=\"mh-excerpt\"><p>Un toro Angus, de 920 kilos, llamado &#8220;Mbapp\u00e9&#8221;, se convirti\u00f3 hoy en el primer animal en ingresar al predio palermitano para participar de la 132\u00b0 Exposici\u00f3n Rural de Ganader\u00eda, Agricultura e Industria Internacional. Al igual que el a\u00f1o pasado, el ejemplar pertenece a la caba\u00f1a Curac\u00f3, de General Acha, La Pampa. El animal es un toro Angus de un a\u00f1o y diez meses de edad y competir\u00e1 en la categor\u00eda dos a\u00f1os menor de la raza. El nombre del animal fue en honor a Kylian Mbapp\u00e9, jugador del seleccionado de Francia, flamante campe\u00f3n del Muidial de f\u00fatbol de Rusia. &#8220;En <a class=\"mh-excerpt-more\" href=\"http:\/\/dsrmedios.com.ar\/diario\/archivos\/7143\" title=\"Mbappe fu\u00e9 el primer animal en ingresar a la Expo Palermo 2018\">[Leer m\u00e1s]<\/a><\/p>\n<\/div>","protected":false},"author":5,"featured_media":7144,"comment_status":"open","ping_status":"closed","sticky":false,"template":"","format":"standard","meta":{"_jetpack_newsletter_access":""},"categories":[18,6],"tags":[],"jetpack_featured_media_url":"http:\/\/dsrmedios.com.ar\/diario\/wp-content\/uploads\/2018\/07\/toro-Mbapp\u00e9.jpg","jetpack_sharing_enabled":true,"jetpack_shortlink":"https:\/\/wp.me\/p9fihK-1Rd","_links":{"self":[{"href":"http:\/\/dsrmedios.com.ar\/diario\/wp-json\/wp\/v2\/posts\/7143"}],"collection":[{"href":"http:\/\/dsrmedios.com.ar\/diario\/wp-json\/wp\/v2\/posts"}],"about":[{"href":"http:\/\/dsrmedios.com.ar\/diario\/wp-json\/wp\/v2\/types\/post"}],"author":[{"embeddable":true,"href":"http:\/\/dsrmedios.com.ar\/diario\/wp-json\/wp\/v2\/users\/5"}],"replies":[{"embeddable":true,"href":"http:\/\/dsrmedios.com.ar\/diario\/wp-json\/wp\/v2\/comments?post=7143"}],"version-history":[{"count":1,"href":"http:\/\/dsrmedios.com.ar\/diario\/wp-json\/wp\/v2\/posts\/7143\/revisions"}],"predecessor-version":[{"id":7145,"href":"http:\/\/dsrmedios.com.ar\/diario\/wp-json\/wp\/v2\/posts\/7143\/revisions\/7145"}],"wp:featuredmedia":[{"embeddable":true,"href":"http:\/\/dsrmedios.com.ar\/diario\/wp-json\/wp\/v2\/media\/7144"}],"wp:attachment":[{"href":"http:\/\/dsrmedios.com.ar\/diario\/wp-json\/wp\/v2\/media?parent=7143"}],"wp:term":[{"taxonomy":"category","embeddable":true,"href":"http:\/\/dsrmedios.com.ar\/diario\/wp-json\/wp\/v2\/categories?post=7143"},{"taxonomy":"post_tag","embeddable":true,"href":"http:\/\/dsrmedios.com.ar\/diario\/wp-json\/wp\/v2\/tags?post=7143"}],"curies":[{"name":"wp","href":"https:\/\/api.w.org\/{rel}","templated":true}]}}