{"id":7101,"date":"2018-07-16T07:04:06","date_gmt":"2018-07-16T10:04:06","guid":{"rendered":"http:\/\/dsrmedios.com.ar\/diario\/?p=7101"},"modified":"2018-07-17T08:18:11","modified_gmt":"2018-07-17T11:18:11","slug":"se-realizo-la-muestra-del-taller-municipal-de-pintura-que-dirige-irene-ciunel","status":"publish","type":"post","link":"http:\/\/dsrmedios.com.ar\/diario\/archivos\/7101","title":{"rendered":"Se realiz\u00f3 la muestra del Taller de Pintura que dirige Irene Ciunel"},"content":{"rendered":"<p>Durante s\u00e1bado y domingo de 18 a 20hs se pudo visitar en la Casa de la Cultura la muestra &#8220;VI Vuelta por lo de Irene&#8221; que expone los trabajos del Taller de Pintura que es coordinado por la Artista Visual Irene Ciunel.<\/p>\n<p>La inauguraci\u00f3n cont\u00f3 con la presencia de las artistas y a gran cantidad de personas que se acercaron a compartir la producci\u00f3n art\u00edstica local. La sala de exposici\u00f3n estar\u00e1 habilitada durante todas las vacaciones de invierno.<\/p>\n","protected":false},"excerpt":{"rendered":"<div class=\"mh-excerpt\"><p>Durante s\u00e1bado y domingo de 18 a 20hs se pudo visitar en la Casa de la Cultura la muestra &#8220;VI Vuelta por lo de Irene&#8221; que expone los trabajos del Taller de Pintura que es coordinado por la Artista Visual Irene Ciunel. La inauguraci\u00f3n cont\u00f3 con la presencia de las artistas y a gran cantidad de personas que se acercaron a compartir la producci\u00f3n art\u00edstica local. La sala de exposici\u00f3n estar\u00e1 habilitada durante todas las vacaciones de invierno.<\/p>\n<\/div>","protected":false},"author":5,"featured_media":7102,"comment_status":"open","ping_status":"closed","sticky":false,"template":"","format":"standard","meta":{"_jetpack_newsletter_access":""},"categories":[18,31],"tags":[],"jetpack_featured_media_url":"http:\/\/dsrmedios.com.ar\/diario\/wp-content\/uploads\/2018\/07\/irene2.jpg","jetpack_sharing_enabled":true,"jetpack_shortlink":"https:\/\/wp.me\/p9fihK-1Qx","_links":{"self":[{"href":"http:\/\/dsrmedios.com.ar\/diario\/wp-json\/wp\/v2\/posts\/7101"}],"collection":[{"href":"http:\/\/dsrmedios.com.ar\/diario\/wp-json\/wp\/v2\/posts"}],"about":[{"href":"http:\/\/dsrmedios.com.ar\/diario\/wp-json\/wp\/v2\/types\/post"}],"author":[{"embeddable":true,"href":"http:\/\/dsrmedios.com.ar\/diario\/wp-json\/wp\/v2\/users\/5"}],"replies":[{"embeddable":true,"href":"http:\/\/dsrmedios.com.ar\/diario\/wp-json\/wp\/v2\/comments?post=7101"}],"version-history":[{"count":4,"href":"http:\/\/dsrmedios.com.ar\/diario\/wp-json\/wp\/v2\/posts\/7101\/revisions"}],"predecessor-version":[{"id":7166,"href":"http:\/\/dsrmedios.com.ar\/diario\/wp-json\/wp\/v2\/posts\/7101\/revisions\/7166"}],"wp:featuredmedia":[{"embeddable":true,"href":"http:\/\/dsrmedios.com.ar\/diario\/wp-json\/wp\/v2\/media\/7102"}],"wp:attachment":[{"href":"http:\/\/dsrmedios.com.ar\/diario\/wp-json\/wp\/v2\/media?parent=7101"}],"wp:term":[{"taxonomy":"category","embeddable":true,"href":"http:\/\/dsrmedios.com.ar\/diario\/wp-json\/wp\/v2\/categories?post=7101"},{"taxonomy":"post_tag","embeddable":true,"href":"http:\/\/dsrmedios.com.ar\/diario\/wp-json\/wp\/v2\/tags?post=7101"}],"curies":[{"name":"wp","href":"https:\/\/api.w.org\/{rel}","templated":true}]}}