{"id":7037,"date":"2018-07-13T08:26:35","date_gmt":"2018-07-13T11:26:35","guid":{"rendered":"http:\/\/dsrmedios.com.ar\/diario\/?p=7037"},"modified":"2018-07-13T08:26:35","modified_gmt":"2018-07-13T11:26:35","slug":"vidal-aseguro-que-es-dificil-convocar-a-los-docentes-por-los-paros","status":"publish","type":"post","link":"http:\/\/dsrmedios.com.ar\/diario\/archivos\/7037","title":{"rendered":"Vidal asegur\u00f3 que es dif\u00edcil convocar a los Docentes por los paros"},"content":{"rendered":"<p>La gobernadora bonaerense, Mar\u00eda Eugenia Vidal, asegur\u00f3 que para su administraci\u00f3n &#8220;es dif\u00edcil&#8221; convocar a los docentes porque &#8220;continuamente se hacen paros no solamente por una diferencia en t\u00e9rminos salariales&#8221;.<\/p>\n<p>De visita por Trenque Lauquen, Vidal fue consultada por el fallo judicial que oblig\u00f3 al Gobierno a convocar a paritarias, medida que va a ser apelada por su gesti\u00f3n, pese a que se prepara una convocatoria para agosto.<\/p>\n<p>&#8220;Es dif\u00edcil que haya una convocatoria cuando continuamente se hacen paros no solamente por una diferencia en t\u00e9rminos salariales&#8221;, se\u00f1al\u00f3 Vidal, seg\u00fan consigna el diario La Opini\u00f3n de Trenque Lauquen. La mandataria sostuvo adem\u00e1s que &#8220;nuestra prioridad son los chicos. Y a los docentes queremos llevarles la tranquilidad&#8221;.<\/p>\n<p>Junto al intendente local, Miguel Fern\u00e1ndez (Cambiemos), Vidal las instalaciones del Centro de Atenci\u00f3n Primaria de la Salud Ameghino, de Trenque Lauquen.<\/p>\n<p>fuente aninoticias.com<\/p>\n","protected":false},"excerpt":{"rendered":"<div class=\"mh-excerpt\"><p>La gobernadora bonaerense, Mar\u00eda Eugenia Vidal, asegur\u00f3 que para su administraci\u00f3n &#8220;es dif\u00edcil&#8221; convocar a los docentes porque &#8220;continuamente se hacen paros no solamente por una diferencia en t\u00e9rminos salariales&#8221;. De visita por Trenque Lauquen, Vidal fue consultada por el fallo judicial que oblig\u00f3 al Gobierno a convocar a paritarias, medida que va a ser apelada por su gesti\u00f3n, pese a que se prepara una convocatoria para agosto. &#8220;Es dif\u00edcil que haya una convocatoria cuando continuamente se hacen paros no solamente por una diferencia en t\u00e9rminos salariales&#8221;, se\u00f1al\u00f3 Vidal, seg\u00fan consigna el diario La Opini\u00f3n de Trenque Lauquen. La mandataria <a class=\"mh-excerpt-more\" href=\"http:\/\/dsrmedios.com.ar\/diario\/archivos\/7037\" title=\"Vidal asegur\u00f3 que es dif\u00edcil convocar a los Docentes por los paros\">[Leer m\u00e1s]<\/a><\/p>\n<\/div>","protected":false},"author":5,"featured_media":7038,"comment_status":"open","ping_status":"closed","sticky":false,"template":"","format":"standard","meta":{"_jetpack_newsletter_access":""},"categories":[18,7],"tags":[],"jetpack_featured_media_url":"http:\/\/dsrmedios.com.ar\/diario\/wp-content\/uploads\/2018\/07\/vidal_20.jpg","jetpack_sharing_enabled":true,"jetpack_shortlink":"https:\/\/wp.me\/p9fihK-1Pv","_links":{"self":[{"href":"http:\/\/dsrmedios.com.ar\/diario\/wp-json\/wp\/v2\/posts\/7037"}],"collection":[{"href":"http:\/\/dsrmedios.com.ar\/diario\/wp-json\/wp\/v2\/posts"}],"about":[{"href":"http:\/\/dsrmedios.com.ar\/diario\/wp-json\/wp\/v2\/types\/post"}],"author":[{"embeddable":true,"href":"http:\/\/dsrmedios.com.ar\/diario\/wp-json\/wp\/v2\/users\/5"}],"replies":[{"embeddable":true,"href":"http:\/\/dsrmedios.com.ar\/diario\/wp-json\/wp\/v2\/comments?post=7037"}],"version-history":[{"count":1,"href":"http:\/\/dsrmedios.com.ar\/diario\/wp-json\/wp\/v2\/posts\/7037\/revisions"}],"predecessor-version":[{"id":7039,"href":"http:\/\/dsrmedios.com.ar\/diario\/wp-json\/wp\/v2\/posts\/7037\/revisions\/7039"}],"wp:featuredmedia":[{"embeddable":true,"href":"http:\/\/dsrmedios.com.ar\/diario\/wp-json\/wp\/v2\/media\/7038"}],"wp:attachment":[{"href":"http:\/\/dsrmedios.com.ar\/diario\/wp-json\/wp\/v2\/media?parent=7037"}],"wp:term":[{"taxonomy":"category","embeddable":true,"href":"http:\/\/dsrmedios.com.ar\/diario\/wp-json\/wp\/v2\/categories?post=7037"},{"taxonomy":"post_tag","embeddable":true,"href":"http:\/\/dsrmedios.com.ar\/diario\/wp-json\/wp\/v2\/tags?post=7037"}],"curies":[{"name":"wp","href":"https:\/\/api.w.org\/{rel}","templated":true}]}}