{"id":6990,"date":"2018-07-11T09:39:29","date_gmt":"2018-07-11T12:39:29","guid":{"rendered":"http:\/\/dsrmedios.com.ar\/diario\/?p=6990"},"modified":"2018-07-11T09:39:29","modified_gmt":"2018-07-11T12:39:29","slug":"se-realizo-el-acto-central-por-el-9-de-julio-en-la-localidad-de-rivera","status":"publish","type":"post","link":"http:\/\/dsrmedios.com.ar\/diario\/archivos\/6990","title":{"rendered":"Se realiz\u00f3 el acto central por el 9 de Julio en la localidad de Rivera"},"content":{"rendered":"<p>En Rivera se realiz\u00f3 el acto centralizado por el D\u00eda de la Independencia que cont\u00f3 con la presencia del Intendente David Hirtz, el Delegado local, el de Villa Maza, el Presidente del Concejo Deliberante, Concejales, Consejeros Escolares y Jefa Distrital de Ense\u00f1anza.<br \/>\nHirtz reivindic\u00f3 la decisi\u00f3n de federalizar los actos patrios \u201cNuestra satisfacci\u00f3n es estar aqu\u00ed porque forma parte del compromiso que asumimos hace ya m\u00e1s de seis a\u00f1os de federalizar los actos patrios y en cada oportunidad ir trasladando a las localidades de Adolfo Alsina \u00a0el acto central que hoy realizamos aqu\u00ed en Rivera\u201d.<br \/>\nAl mismo tiempo que expres\u00f3 su satisfacci\u00f3n por realizar el acto \u201cen una localidad que lleva el nombre de uno de los 29 congresales reunidos en Tucuman.Pedro Ignacio de Rivera le dio nombre a esta comunidad, fue uno de aquellos del &#8220;Si Juro&#8221; y &#8220;Si queremos&#8221; del 9 de julio de 1816\u201d.<br \/>\nEn el Centro Cultural Isrealita colmado de ni\u00f1os y j\u00f3venes de los diferentes niveles e instituciones educativas, Hirtz plante\u00f3 que \u201cno son tan distintas las \u00e9pocas que atravesamos si las miramos en el tiempo: tambi\u00e9n hoy nuestra existencia cotidiana nos lleva a transitar por caminos de dudas, de dificultades, por cuestiones que esperamos poder superar pero que nos llevan cotidianamente a doblar nuestra apuesta por los valores que aquellos hombres nos dejaron en 1816. Los valores \u00a0de la democracia, los de poner por encima de los valores individuales y regionales, el inter\u00e9s colectivo\u201d.<br \/>\nHirtz \u00a0afirm\u00f3 que \u201cNosotros somos hoy herederos de aquellos valores y de aquellas responsabilidades\u201d y agreg\u00f3 que \u201cEst\u00e1 claro que algunos tenemos una mayor dosis de \u00a0responsabilidad en esto, pero est\u00e1 claro que todos y cada uno de nosotros en la medida que pongamos el mejor empe\u00f1o , nuestras mejores cualidades, nuestras mejores condiciones para resolver cada d\u00eda de resolver la responsabilidad que en nuestro lugar de trabajo nos toca, estaremos rindiendo desde este momento \u00a0y desde este lugar el mejor de los homenajes \u00a0a aquellos que hace ya 202 a\u00f1os tomaron esta decisi\u00f3n que hoy celebramos\u201d.<br \/>\nCon expresiones art\u00edsticas, audiovisuales y la ornamentaci\u00f3n del teatro, los distintos colegios brindaron su homenaje a los Congresales de 1816 y celebraron los 202 a\u00f1os de independencia.En Rivera se realiz\u00f3 el acto centralizado por el D\u00eda de la Independencia que cont\u00f3 con la presencia del Intendente David Hirtz, el Delegado local, el de Villa Maza, el Presidente del Concejo Deliberante, Concejales, Consejeros Escolares y Jefa Distrital de Ense\u00f1anza.<br \/>\nHirtz reivindic\u00f3 la decisi\u00f3n de federalizar los actos patrios \u201cNuestra satisfacci\u00f3n es estar aqu\u00ed porque forma parte del compromiso que asumimos hace ya m\u00e1s de seis a\u00f1os de federalizar los actos patrios y en cada oportunidad ir trasladando a las localidades de Adolfo Alsina \u00a0el acto central que hoy realizamos aqu\u00ed en Rivera\u201d.<br \/>\nAl mismo tiempo que expres\u00f3 su satisfacci\u00f3n por realizar el acto \u201cen una localidad que lleva el nombre de uno de los 29 congresales reunidos en Tucuman.Pedro Ignacio de Rivera le dio nombre a esta comunidad, fue uno de aquellos del &#8220;Si Juro&#8221; y &#8220;Si queremos&#8221; del 9 de julio de 1816\u201d.<br \/>\nEn el Centro Cultural Isrealita colmado de ni\u00f1os y j\u00f3venes de los diferentes niveles e instituciones educativas, Hirtz plante\u00f3 que \u201cno son tan distintas las \u00e9pocas que atravesamos si las miramos en el tiempo: tambi\u00e9n hoy nuestra existencia cotidiana nos lleva a transitar por caminos de dudas, de dificultades, por cuestiones que esperamos poder superar pero que nos llevan cotidianamente a doblar nuestra apuesta por los valores que aquellos hombres nos dejaron en 1816. Los valores \u00a0de la democracia, los de poner por encima de los valores individuales y regionales, el inter\u00e9s colectivo\u201d.<br \/>\nHirtz \u00a0afirm\u00f3 que \u201cNosotros somos hoy herederos de aquellos valores y de aquellas responsabilidades\u201d y agreg\u00f3 que \u201cEst\u00e1 claro que algunos tenemos una mayor dosis de \u00a0responsabilidad en esto, pero est\u00e1 claro que todos y cada uno de nosotros en la medida que pongamos el mejor empe\u00f1o , nuestras mejores cualidades, nuestras mejores condiciones para resolver cada d\u00eda de resolver la responsabilidad que en nuestro lugar de trabajo nos toca, estaremos rindiendo desde este momento \u00a0y desde este lugar el mejor de los homenajes \u00a0a aquellos que hace ya 202 a\u00f1os tomaron esta decisi\u00f3n que hoy celebramos\u201d.<br \/>\nCon expresiones art\u00edsticas, audiovisuales y la ornamentaci\u00f3n del teatro, los distintos colegios brindaron su homenaje a los Congresales de 1816 y celebraron los 202 a\u00f1os de independencia.<\/p>\n","protected":false},"excerpt":{"rendered":"<div class=\"mh-excerpt\"><p>En Rivera se realiz\u00f3 el acto centralizado por el D\u00eda de la Independencia que cont\u00f3 con la presencia del Intendente David Hirtz, el Delegado local, el de Villa Maza, el Presidente del Concejo Deliberante, Concejales, Consejeros Escolares y Jefa Distrital de Ense\u00f1anza. Hirtz reivindic\u00f3 la decisi\u00f3n de federalizar los actos patrios \u201cNuestra satisfacci\u00f3n es estar aqu\u00ed porque forma parte del compromiso que asumimos hace ya m\u00e1s de seis a\u00f1os de federalizar los actos patrios y en cada oportunidad ir trasladando a las localidades de Adolfo Alsina \u00a0el acto central que hoy realizamos aqu\u00ed en Rivera\u201d. Al mismo tiempo que expres\u00f3 <a class=\"mh-excerpt-more\" href=\"http:\/\/dsrmedios.com.ar\/diario\/archivos\/6990\" title=\"Se realiz\u00f3 el acto central por el 9 de Julio en la localidad de Rivera\">[Leer m\u00e1s]<\/a><\/p>\n<\/div>","protected":false},"author":5,"featured_media":6991,"comment_status":"open","ping_status":"closed","sticky":false,"template":"","format":"standard","meta":{"_jetpack_newsletter_access":""},"categories":[18,31],"tags":[],"jetpack_featured_media_url":"http:\/\/dsrmedios.com.ar\/diario\/wp-content\/uploads\/2018\/07\/hirtz-dia-independencia-2018.jpg","jetpack_sharing_enabled":true,"jetpack_shortlink":"https:\/\/wp.me\/p9fihK-1OK","_links":{"self":[{"href":"http:\/\/dsrmedios.com.ar\/diario\/wp-json\/wp\/v2\/posts\/6990"}],"collection":[{"href":"http:\/\/dsrmedios.com.ar\/diario\/wp-json\/wp\/v2\/posts"}],"about":[{"href":"http:\/\/dsrmedios.com.ar\/diario\/wp-json\/wp\/v2\/types\/post"}],"author":[{"embeddable":true,"href":"http:\/\/dsrmedios.com.ar\/diario\/wp-json\/wp\/v2\/users\/5"}],"replies":[{"embeddable":true,"href":"http:\/\/dsrmedios.com.ar\/diario\/wp-json\/wp\/v2\/comments?post=6990"}],"version-history":[{"count":1,"href":"http:\/\/dsrmedios.com.ar\/diario\/wp-json\/wp\/v2\/posts\/6990\/revisions"}],"predecessor-version":[{"id":6992,"href":"http:\/\/dsrmedios.com.ar\/diario\/wp-json\/wp\/v2\/posts\/6990\/revisions\/6992"}],"wp:featuredmedia":[{"embeddable":true,"href":"http:\/\/dsrmedios.com.ar\/diario\/wp-json\/wp\/v2\/media\/6991"}],"wp:attachment":[{"href":"http:\/\/dsrmedios.com.ar\/diario\/wp-json\/wp\/v2\/media?parent=6990"}],"wp:term":[{"taxonomy":"category","embeddable":true,"href":"http:\/\/dsrmedios.com.ar\/diario\/wp-json\/wp\/v2\/categories?post=6990"},{"taxonomy":"post_tag","embeddable":true,"href":"http:\/\/dsrmedios.com.ar\/diario\/wp-json\/wp\/v2\/tags?post=6990"}],"curies":[{"name":"wp","href":"https:\/\/api.w.org\/{rel}","templated":true}]}}