{"id":6951,"date":"2018-07-10T09:48:32","date_gmt":"2018-07-10T12:48:32","guid":{"rendered":"http:\/\/dsrmedios.com.ar\/diario\/?p=6951"},"modified":"2018-07-10T09:56:28","modified_gmt":"2018-07-10T12:56:28","slug":"la-jornada-por-la-forestacion-se-llevo-a-cabo-en-las-instalaciones-de-racing-club","status":"publish","type":"post","link":"http:\/\/dsrmedios.com.ar\/diario\/archivos\/6951","title":{"rendered":"La jornada por la forestaci\u00f3n se llev\u00f3 a cabo en las instalaciones de Racing Club"},"content":{"rendered":"<p>Directivos, asociados y los ni\u00f1os de la instituci\u00f3n racinguista llevaron adelante la jornada de concientizaci\u00f3n por la forestaci\u00f3n denominada &#8220;Un ni\u00f1o, un \u00e1rbol&#8221;. Con gran entusiasmo los participantes a pesar del fr\u00edo plantaron arboles para comenzar una campa\u00f1a de forestaci\u00f3n que m\u00e1s adelante se distribuir\u00e1 a toda la ciudad.<\/p>\n<p>La instituci\u00f3n emiti\u00f3 un comunicado en su pagina oficial que dice lo siguiente:<\/p>\n<p><strong>&#8220;Hoy adem\u00e1s de festejar nuestra fecha patria, fue un d\u00eda muy especial para todos los hinchas de Racing. Comenzamos con la forestaci\u00f3n del predio ubicado en Ram\u00f3n Razquin y R. S. Pe\u00f1a, se plantaron 250 \u00e1lamos. Queremos agradecer a Rub\u00e9n Seisdedos, a la Escuela Especial, a Clerysa y al Vivero Municipal por donarnos las plantas, a Lautaro Milla y Diego Rodr\u00edguez por las charlas de hoy, a Germ\u00e1n Nievas y Javier Besagonill por ponerse al frente del proyecto, a los profes Ezequiel Figueroa, Mat\u00edas Mendoza y Mat\u00edas Galvez por estar y finalmente gracias a los chicos de escuelita y de inferiores que junto a sus familias vinieron a formar parte de este gran d\u00eda. \u00a1Gracias a todos y vamos por m\u00e1s!&#8221;<\/strong><a href=\"http:\/\/dsrmedios.com.ar\/diario\/wp-content\/uploads\/2018\/07\/rac1.jpeg\"><br \/>\n<img decoding=\"async\" loading=\"lazy\" class=\"aligncenter size-large wp-image-6952\" src=\"http:\/\/dsrmedios.com.ar\/diario\/wp-content\/uploads\/2018\/07\/rac1-1024x768.jpeg\" alt=\"\" width=\"1024\" height=\"768\" srcset=\"http:\/\/dsrmedios.com.ar\/diario\/wp-content\/uploads\/2018\/07\/rac1-1024x768.jpeg 1024w, http:\/\/dsrmedios.com.ar\/diario\/wp-content\/uploads\/2018\/07\/rac1-300x225.jpeg 300w, http:\/\/dsrmedios.com.ar\/diario\/wp-content\/uploads\/2018\/07\/rac1-768x576.jpeg 768w, http:\/\/dsrmedios.com.ar\/diario\/wp-content\/uploads\/2018\/07\/rac1-678x509.jpeg 678w, http:\/\/dsrmedios.com.ar\/diario\/wp-content\/uploads\/2018\/07\/rac1-326x245.jpeg 326w, http:\/\/dsrmedios.com.ar\/diario\/wp-content\/uploads\/2018\/07\/rac1-80x60.jpeg 80w, http:\/\/dsrmedios.com.ar\/diario\/wp-content\/uploads\/2018\/07\/rac1.jpeg 1280w\" sizes=\"(max-width: 1024px) 100vw, 1024px\" \/><\/a> <a href=\"http:\/\/dsrmedios.com.ar\/diario\/wp-content\/uploads\/2018\/07\/rac2.jpeg\"><img decoding=\"async\" loading=\"lazy\" class=\"aligncenter size-large wp-image-6953\" src=\"http:\/\/dsrmedios.com.ar\/diario\/wp-content\/uploads\/2018\/07\/rac2-1024x768.jpeg\" alt=\"\" width=\"1024\" height=\"768\" srcset=\"http:\/\/dsrmedios.com.ar\/diario\/wp-content\/uploads\/2018\/07\/rac2-1024x768.jpeg 1024w, http:\/\/dsrmedios.com.ar\/diario\/wp-content\/uploads\/2018\/07\/rac2-300x225.jpeg 300w, http:\/\/dsrmedios.com.ar\/diario\/wp-content\/uploads\/2018\/07\/rac2-768x576.jpeg 768w, http:\/\/dsrmedios.com.ar\/diario\/wp-content\/uploads\/2018\/07\/rac2-678x509.jpeg 678w, http:\/\/dsrmedios.com.ar\/diario\/wp-content\/uploads\/2018\/07\/rac2-326x245.jpeg 326w, http:\/\/dsrmedios.com.ar\/diario\/wp-content\/uploads\/2018\/07\/rac2-80x60.jpeg 80w, http:\/\/dsrmedios.com.ar\/diario\/wp-content\/uploads\/2018\/07\/rac2.jpeg 1280w\" sizes=\"(max-width: 1024px) 100vw, 1024px\" \/><\/a><\/p>\n","protected":false},"excerpt":{"rendered":"<div class=\"mh-excerpt\"><p>Directivos, asociados y los ni\u00f1os de la instituci\u00f3n racinguista llevaron adelante la jornada de concientizaci\u00f3n por la forestaci\u00f3n denominada &#8220;Un ni\u00f1o, un \u00e1rbol&#8221;. Con gran entusiasmo los participantes a pesar del fr\u00edo plantaron arboles para comenzar una campa\u00f1a de forestaci\u00f3n que m\u00e1s adelante se distribuir\u00e1 a toda la ciudad. La instituci\u00f3n emiti\u00f3 un comunicado en su pagina oficial que dice lo siguiente: &#8220;Hoy adem\u00e1s de festejar nuestra fecha patria, fue un d\u00eda muy especial para todos los hinchas de Racing. Comenzamos con la forestaci\u00f3n del predio ubicado en Ram\u00f3n Razquin y R. S. Pe\u00f1a, se plantaron 250 \u00e1lamos. Queremos agradecer <a class=\"mh-excerpt-more\" href=\"http:\/\/dsrmedios.com.ar\/diario\/archivos\/6951\" title=\"La jornada por la forestaci\u00f3n se llev\u00f3 a cabo en las instalaciones de Racing Club\">[Leer m\u00e1s]<\/a><\/p>\n<\/div>","protected":false},"author":5,"featured_media":6954,"comment_status":"open","ping_status":"closed","sticky":false,"template":"","format":"standard","meta":{"_jetpack_newsletter_access":""},"categories":[18,31],"tags":[],"jetpack_featured_media_url":"http:\/\/dsrmedios.com.ar\/diario\/wp-content\/uploads\/2018\/07\/rac3.jpeg","jetpack_sharing_enabled":true,"jetpack_shortlink":"https:\/\/wp.me\/p9fihK-1O7","_links":{"self":[{"href":"http:\/\/dsrmedios.com.ar\/diario\/wp-json\/wp\/v2\/posts\/6951"}],"collection":[{"href":"http:\/\/dsrmedios.com.ar\/diario\/wp-json\/wp\/v2\/posts"}],"about":[{"href":"http:\/\/dsrmedios.com.ar\/diario\/wp-json\/wp\/v2\/types\/post"}],"author":[{"embeddable":true,"href":"http:\/\/dsrmedios.com.ar\/diario\/wp-json\/wp\/v2\/users\/5"}],"replies":[{"embeddable":true,"href":"http:\/\/dsrmedios.com.ar\/diario\/wp-json\/wp\/v2\/comments?post=6951"}],"version-history":[{"count":2,"href":"http:\/\/dsrmedios.com.ar\/diario\/wp-json\/wp\/v2\/posts\/6951\/revisions"}],"predecessor-version":[{"id":6959,"href":"http:\/\/dsrmedios.com.ar\/diario\/wp-json\/wp\/v2\/posts\/6951\/revisions\/6959"}],"wp:featuredmedia":[{"embeddable":true,"href":"http:\/\/dsrmedios.com.ar\/diario\/wp-json\/wp\/v2\/media\/6954"}],"wp:attachment":[{"href":"http:\/\/dsrmedios.com.ar\/diario\/wp-json\/wp\/v2\/media?parent=6951"}],"wp:term":[{"taxonomy":"category","embeddable":true,"href":"http:\/\/dsrmedios.com.ar\/diario\/wp-json\/wp\/v2\/categories?post=6951"},{"taxonomy":"post_tag","embeddable":true,"href":"http:\/\/dsrmedios.com.ar\/diario\/wp-json\/wp\/v2\/tags?post=6951"}],"curies":[{"name":"wp","href":"https:\/\/api.w.org\/{rel}","templated":true}]}}