{"id":6911,"date":"2018-07-07T07:02:54","date_gmt":"2018-07-07T10:02:54","guid":{"rendered":"http:\/\/dsrmedios.com.ar\/diario\/?p=6911"},"modified":"2018-07-06T17:26:53","modified_gmt":"2018-07-06T20:26:53","slug":"firmaran-en-carhue-el-acta-de-acuerdo-de-red-de-municipios-cooperativos","status":"publish","type":"post","link":"http:\/\/dsrmedios.com.ar\/diario\/archivos\/6911","title":{"rendered":"Firmar\u00e1n en Carhu\u00e9 el Acta de acuerdo de Red de Municipios Cooperativos"},"content":{"rendered":"<p>El pr\u00f3ximo martes 10 de julio a las 13:30 horas se realizar\u00e1 en las instalaciones de la Casa de la Cultura, la firma del Acta Acuerdo de Red de Municipios Cooperativos. Participar\u00e1n autoridades locales de Cooperativas y estar\u00e1 presentes en el acto el Vice presidente de FEDECOBA Dr. Angel Echarren, el Presidente de ACI COOPERAR Y FEDECOBA Dr. Ariel Guarco.<\/p>\n<p>Se contar\u00e1 adem\u00e1s con la presencia del Intendente de Adolfo ALsina David Hirtz<\/p>\n","protected":false},"excerpt":{"rendered":"<div class=\"mh-excerpt\"><p>El pr\u00f3ximo martes 10 de julio a las 13:30 horas se realizar\u00e1 en las instalaciones de la Casa de la Cultura, la firma del Acta Acuerdo de Red de Municipios Cooperativos. Participar\u00e1n autoridades locales de Cooperativas y estar\u00e1 presentes en el acto el Vice presidente de FEDECOBA Dr. Angel Echarren, el Presidente de ACI COOPERAR Y FEDECOBA Dr. Ariel Guarco. Se contar\u00e1 adem\u00e1s con la presencia del Intendente de Adolfo ALsina David Hirtz<\/p>\n<\/div>","protected":false},"author":5,"featured_media":6912,"comment_status":"open","ping_status":"closed","sticky":false,"template":"","format":"standard","meta":{"_jetpack_newsletter_access":""},"categories":[18,31],"tags":[],"jetpack_featured_media_url":"http:\/\/dsrmedios.com.ar\/diario\/wp-content\/uploads\/2018\/07\/fedecoba.jpg","jetpack_sharing_enabled":true,"jetpack_shortlink":"https:\/\/wp.me\/p9fihK-1Nt","_links":{"self":[{"href":"http:\/\/dsrmedios.com.ar\/diario\/wp-json\/wp\/v2\/posts\/6911"}],"collection":[{"href":"http:\/\/dsrmedios.com.ar\/diario\/wp-json\/wp\/v2\/posts"}],"about":[{"href":"http:\/\/dsrmedios.com.ar\/diario\/wp-json\/wp\/v2\/types\/post"}],"author":[{"embeddable":true,"href":"http:\/\/dsrmedios.com.ar\/diario\/wp-json\/wp\/v2\/users\/5"}],"replies":[{"embeddable":true,"href":"http:\/\/dsrmedios.com.ar\/diario\/wp-json\/wp\/v2\/comments?post=6911"}],"version-history":[{"count":1,"href":"http:\/\/dsrmedios.com.ar\/diario\/wp-json\/wp\/v2\/posts\/6911\/revisions"}],"predecessor-version":[{"id":6913,"href":"http:\/\/dsrmedios.com.ar\/diario\/wp-json\/wp\/v2\/posts\/6911\/revisions\/6913"}],"wp:featuredmedia":[{"embeddable":true,"href":"http:\/\/dsrmedios.com.ar\/diario\/wp-json\/wp\/v2\/media\/6912"}],"wp:attachment":[{"href":"http:\/\/dsrmedios.com.ar\/diario\/wp-json\/wp\/v2\/media?parent=6911"}],"wp:term":[{"taxonomy":"category","embeddable":true,"href":"http:\/\/dsrmedios.com.ar\/diario\/wp-json\/wp\/v2\/categories?post=6911"},{"taxonomy":"post_tag","embeddable":true,"href":"http:\/\/dsrmedios.com.ar\/diario\/wp-json\/wp\/v2\/tags?post=6911"}],"curies":[{"name":"wp","href":"https:\/\/api.w.org\/{rel}","templated":true}]}}