{"id":6907,"date":"2018-07-07T07:02:13","date_gmt":"2018-07-07T10:02:13","guid":{"rendered":"http:\/\/dsrmedios.com.ar\/diario\/?p=6907"},"modified":"2018-07-06T16:35:19","modified_gmt":"2018-07-06T19:35:19","slug":"restringen-desde-la-madrugada-el-transito-de-camiones-en-rutas-bonaerenses","status":"publish","type":"post","link":"http:\/\/dsrmedios.com.ar\/diario\/archivos\/6907","title":{"rendered":"Restringen desde la madrugada el tr\u00e1nsito de camiones en rutas bonaerenses"},"content":{"rendered":"<p>De cara al fin de semana largo que comienz\u00f3 ayer, la Subsecretar\u00eda de Transporte oficializ\u00f3 el esquema de restricciones de circulaci\u00f3n para veh\u00edculos pesados, una medida de seguridad implementada para evitar riesgos ante el \u201caluvi\u00f3n\u201d de veh\u00edculos particulares que generalmente se desplazan a los principales destinos tur\u00edsticos de la Provincia.<\/p>\n<p>As\u00ed las cosas, por el D\u00eda de la Independencia, los d\u00edas 06, 07 y 09 de julio se restringir\u00e1 la circulaci\u00f3n de camiones con carga de m\u00e1s de 7 (siete) toneladas de porte bruto en: la Autov\u00eda 2, Rutas provinciales 11, 36, 56, 63,74, y Autopista Buenos Aires\u2013La Plata.<\/p>\n","protected":false},"excerpt":{"rendered":"<div class=\"mh-excerpt\"><p>De cara al fin de semana largo que comienz\u00f3 ayer, la Subsecretar\u00eda de Transporte oficializ\u00f3 el esquema de restricciones de circulaci\u00f3n para veh\u00edculos pesados, una medida de seguridad implementada para evitar riesgos ante el \u201caluvi\u00f3n\u201d de veh\u00edculos particulares que generalmente se desplazan a los principales destinos tur\u00edsticos de la Provincia. As\u00ed las cosas, por el D\u00eda de la Independencia, los d\u00edas 06, 07 y 09 de julio se restringir\u00e1 la circulaci\u00f3n de camiones con carga de m\u00e1s de 7 (siete) toneladas de porte bruto en: la Autov\u00eda 2, Rutas provinciales 11, 36, 56, 63,74, y Autopista Buenos Aires\u2013La Plata.<\/p>\n<\/div>","protected":false},"author":5,"featured_media":6908,"comment_status":"open","ping_status":"closed","sticky":false,"template":"","format":"standard","meta":{"_jetpack_newsletter_access":""},"categories":[18,6],"tags":[],"jetpack_featured_media_url":"http:\/\/dsrmedios.com.ar\/diario\/wp-content\/uploads\/2018\/07\/restriccion_camiones_1.jpg","jetpack_sharing_enabled":true,"jetpack_shortlink":"https:\/\/wp.me\/p9fihK-1Np","_links":{"self":[{"href":"http:\/\/dsrmedios.com.ar\/diario\/wp-json\/wp\/v2\/posts\/6907"}],"collection":[{"href":"http:\/\/dsrmedios.com.ar\/diario\/wp-json\/wp\/v2\/posts"}],"about":[{"href":"http:\/\/dsrmedios.com.ar\/diario\/wp-json\/wp\/v2\/types\/post"}],"author":[{"embeddable":true,"href":"http:\/\/dsrmedios.com.ar\/diario\/wp-json\/wp\/v2\/users\/5"}],"replies":[{"embeddable":true,"href":"http:\/\/dsrmedios.com.ar\/diario\/wp-json\/wp\/v2\/comments?post=6907"}],"version-history":[{"count":1,"href":"http:\/\/dsrmedios.com.ar\/diario\/wp-json\/wp\/v2\/posts\/6907\/revisions"}],"predecessor-version":[{"id":6909,"href":"http:\/\/dsrmedios.com.ar\/diario\/wp-json\/wp\/v2\/posts\/6907\/revisions\/6909"}],"wp:featuredmedia":[{"embeddable":true,"href":"http:\/\/dsrmedios.com.ar\/diario\/wp-json\/wp\/v2\/media\/6908"}],"wp:attachment":[{"href":"http:\/\/dsrmedios.com.ar\/diario\/wp-json\/wp\/v2\/media?parent=6907"}],"wp:term":[{"taxonomy":"category","embeddable":true,"href":"http:\/\/dsrmedios.com.ar\/diario\/wp-json\/wp\/v2\/categories?post=6907"},{"taxonomy":"post_tag","embeddable":true,"href":"http:\/\/dsrmedios.com.ar\/diario\/wp-json\/wp\/v2\/tags?post=6907"}],"curies":[{"name":"wp","href":"https:\/\/api.w.org\/{rel}","templated":true}]}}