{"id":6904,"date":"2018-07-07T07:02:29","date_gmt":"2018-07-07T10:02:29","guid":{"rendered":"http:\/\/dsrmedios.com.ar\/diario\/?p=6904"},"modified":"2018-07-06T16:30:02","modified_gmt":"2018-07-06T19:30:02","slug":"el-defensor-del-pueblo-denuncio-abuso-en-las-subas-de-las-harinas-y-el-pan","status":"publish","type":"post","link":"http:\/\/dsrmedios.com.ar\/diario\/archivos\/6904","title":{"rendered":"El Defensor del Pueblo denunci\u00f3 abuso en las subas de las harinas y el pan"},"content":{"rendered":"<p>La Defensor\u00eda del Pueblo bonaerense difundi\u00f3 este viernes un relevamiento en toda la Provincia que mostr\u00f3 una realidad que afecta a los que menos tienen: en lo que va del a\u00f1o, las harinas subieron casi un 90%, lo que dispar\u00f3 que en la primera mitad del a\u00f1o los precios en las panader\u00edas se incrementen un 53,63%.<\/p>\n<p>\u201cPara los sectores m\u00e1s vulnerables, la harina y sus derivados son productos indispensables para su alimentaci\u00f3n, ya que con un bajo costo pueden cubrir las necesidades diarias. Nuestro estudio muestra que estos aumentos son otro duro factor que golpea con fuerza a los que menos tienen\u201d, sostuvo el Defensor del Pueblo bonaerense, Guido Lorenzino.<\/p>\n<p>El an\u00e1lisis, elaborado por el \u00e1rea de Asuntos Econ\u00f3micos en las 27 ciudades donde el organismo tiene delegaciones, arroj\u00f3 que en lo que va de 2018 la canasta b\u00e1sica de alimentos subi\u00f3 un 17,39%. Puntualmente, el salto registrado en junio respecto a mayo, del orden del 3,69%, es el de mayor impacto en el a\u00f1o.<\/p>\n<p>En el acumulado anual, adem\u00e1s de la harina de trigo com\u00fan (+88,25%), los productos que m\u00e1s subieron fueron la yerba mate (+81,19%); el postre de chocolate (+79,29%); la lechuga criolla (+66,27%); y la batata (+57,03%).<\/p>\n<p>Al observar los rubros, las panader\u00edas fueron las que m\u00e1s aumentaron (+53,63%), seguidas por las conservas (+31,46%); las frutas y verduras (+24,21%); almac\u00e9n (+24,15); y carnicer\u00eda (+12,21%).<\/p>\n<p>Al poner la lupa sobre lo sucedido en junio, el informe tambi\u00e9n mostr\u00f3 que la zona noroeste de la Provincia es la que menos paga por los productos. En comparaci\u00f3n con esta regi\u00f3n, la zona centro paga un 10,79% m\u00e1s caro; la zona norte un 5,94% m\u00e1s; la sudoeste un 4,12% m\u00e1s; la Capital, Conurbano y alrededores un 3% m\u00e1s; y la zona sudeste un 2,02% m\u00e1s.<\/p>\n<p>\u201cEstos indicadores, que hablan de grandes subas para los productos que m\u00e1s se necesitan, se suman a los incrementos desproporcionados de las tarifas de los servicios p\u00fablicos, lo que muestra la grave situaci\u00f3n que atraviesan las personas econ\u00f3micamente m\u00e1s vulnerables\u201d, puntualiz\u00f3 Lorenzino.<\/p>\n<p>Fuente:www.aninoticias.com<\/p>\n","protected":false},"excerpt":{"rendered":"<div class=\"mh-excerpt\"><p>La Defensor\u00eda del Pueblo bonaerense difundi\u00f3 este viernes un relevamiento en toda la Provincia que mostr\u00f3 una realidad que afecta a los que menos tienen: en lo que va del a\u00f1o, las harinas subieron casi un 90%, lo que dispar\u00f3 que en la primera mitad del a\u00f1o los precios en las panader\u00edas se incrementen un 53,63%. \u201cPara los sectores m\u00e1s vulnerables, la harina y sus derivados son productos indispensables para su alimentaci\u00f3n, ya que con un bajo costo pueden cubrir las necesidades diarias. Nuestro estudio muestra que estos aumentos son otro duro factor que golpea con fuerza a los que <a class=\"mh-excerpt-more\" href=\"http:\/\/dsrmedios.com.ar\/diario\/archivos\/6904\" title=\"El Defensor del Pueblo denunci\u00f3 abuso en las subas de las harinas y el pan\">[Leer m\u00e1s]<\/a><\/p>\n<\/div>","protected":false},"author":5,"featured_media":6905,"comment_status":"open","ping_status":"closed","sticky":false,"template":"","format":"standard","meta":{"_jetpack_newsletter_access":""},"categories":[18,6],"tags":[],"jetpack_featured_media_url":"http:\/\/dsrmedios.com.ar\/diario\/wp-content\/uploads\/2018\/07\/panes.jpg","jetpack_sharing_enabled":true,"jetpack_shortlink":"https:\/\/wp.me\/p9fihK-1Nm","_links":{"self":[{"href":"http:\/\/dsrmedios.com.ar\/diario\/wp-json\/wp\/v2\/posts\/6904"}],"collection":[{"href":"http:\/\/dsrmedios.com.ar\/diario\/wp-json\/wp\/v2\/posts"}],"about":[{"href":"http:\/\/dsrmedios.com.ar\/diario\/wp-json\/wp\/v2\/types\/post"}],"author":[{"embeddable":true,"href":"http:\/\/dsrmedios.com.ar\/diario\/wp-json\/wp\/v2\/users\/5"}],"replies":[{"embeddable":true,"href":"http:\/\/dsrmedios.com.ar\/diario\/wp-json\/wp\/v2\/comments?post=6904"}],"version-history":[{"count":1,"href":"http:\/\/dsrmedios.com.ar\/diario\/wp-json\/wp\/v2\/posts\/6904\/revisions"}],"predecessor-version":[{"id":6906,"href":"http:\/\/dsrmedios.com.ar\/diario\/wp-json\/wp\/v2\/posts\/6904\/revisions\/6906"}],"wp:featuredmedia":[{"embeddable":true,"href":"http:\/\/dsrmedios.com.ar\/diario\/wp-json\/wp\/v2\/media\/6905"}],"wp:attachment":[{"href":"http:\/\/dsrmedios.com.ar\/diario\/wp-json\/wp\/v2\/media?parent=6904"}],"wp:term":[{"taxonomy":"category","embeddable":true,"href":"http:\/\/dsrmedios.com.ar\/diario\/wp-json\/wp\/v2\/categories?post=6904"},{"taxonomy":"post_tag","embeddable":true,"href":"http:\/\/dsrmedios.com.ar\/diario\/wp-json\/wp\/v2\/tags?post=6904"}],"curies":[{"name":"wp","href":"https:\/\/api.w.org\/{rel}","templated":true}]}}