{"id":6889,"date":"2018-07-07T07:02:41","date_gmt":"2018-07-07T10:02:41","guid":{"rendered":"http:\/\/dsrmedios.com.ar\/diario\/?p=6889"},"modified":"2018-07-06T16:04:02","modified_gmt":"2018-07-06T19:04:02","slug":"con-gran-exito-se-realizo-la-11-feria-de-ciencias-en-nuestra-ciudad","status":"publish","type":"post","link":"http:\/\/dsrmedios.com.ar\/diario\/archivos\/6889","title":{"rendered":"Con gran \u00e9xito se realiz\u00f3 la 11\u00b0 Feria de Ciencias en nuestra ciudad"},"content":{"rendered":"<p>De la 11\u00b0 Feria Distrital de Educaci\u00f3n, arte, ciencias y tecnolog\u00eda participaron 43 proyectos de investigaci\u00f3n de todos los niveles educativos y de las distintas localidades del distrito: Maza, San Miguel, Carhu\u00e9, Rivera, Thames y Leubuc\u00f3.<br \/>\nSe realiz\u00f3 en la EES 5\/EP 45<\/p>\n<p>Se agradece a: Direcci\u00f3n de Cultura del Municipio, Consejo Escolar por el acompa\u00f1amiento y financiamiento con recursos concretos.<\/p>\n<p>Al HCD que acompa\u00f1\u00f3 durante la jornada y lo declar\u00f3 de inter\u00e9s legislativo<br \/>\nAl equipo de inspectores y personal de Jefatura Distrital: Jorgelina, Claudia, Ivana y Olguita<\/p>\n<p><a href=\"http:\/\/dsrmedios.com.ar\/diario\/wp-content\/uploads\/2018\/07\/feria2.jpeg\"><img decoding=\"async\" loading=\"lazy\" class=\"aligncenter size-large wp-image-6890\" src=\"http:\/\/dsrmedios.com.ar\/diario\/wp-content\/uploads\/2018\/07\/feria2-1024x768.jpeg\" alt=\"\" width=\"1024\" height=\"768\" srcset=\"http:\/\/dsrmedios.com.ar\/diario\/wp-content\/uploads\/2018\/07\/feria2-1024x768.jpeg 1024w, http:\/\/dsrmedios.com.ar\/diario\/wp-content\/uploads\/2018\/07\/feria2-300x225.jpeg 300w, http:\/\/dsrmedios.com.ar\/diario\/wp-content\/uploads\/2018\/07\/feria2-768x576.jpeg 768w, http:\/\/dsrmedios.com.ar\/diario\/wp-content\/uploads\/2018\/07\/feria2-678x509.jpeg 678w, http:\/\/dsrmedios.com.ar\/diario\/wp-content\/uploads\/2018\/07\/feria2-326x245.jpeg 326w, http:\/\/dsrmedios.com.ar\/diario\/wp-content\/uploads\/2018\/07\/feria2-80x60.jpeg 80w, http:\/\/dsrmedios.com.ar\/diario\/wp-content\/uploads\/2018\/07\/feria2.jpeg 1032w\" sizes=\"(max-width: 1024px) 100vw, 1024px\" \/><\/a><\/p>\n<p>A Tito que coordin\u00f3 el transporte<\/p>\n<p>Docentes y auxiliares de escuelas anfitrionas<br \/>\nEspecialmente a la Escuela T\u00e9cnica y al Centro de Formaci\u00f3n Profesional, al CIIE y a la referente de ACTE Patricia Tagliaferro<\/p>\n<p>A los evaluadores<\/p>\n<p>A los asesores de los 43 proyectos de investigaci\u00f3n y los alumnos<\/p>\n<p>A la murga de la EP 17 y cooperativistas<\/p>\n<p>Al Jard\u00edn 901 que arm\u00f3 un espacio l\u00fadico<\/p>\n<p>A los referentes de Tecnolog\u00eda Educativa<\/p>\n<p>A las bibliotecarias y CENDIE<\/p>\n<p>A la escuela 501<\/p>\n<p><a href=\"http:\/\/dsrmedios.com.ar\/diario\/wp-content\/uploads\/2018\/07\/feria3.jpeg\"><img decoding=\"async\" loading=\"lazy\" class=\"aligncenter size-large wp-image-6891\" src=\"http:\/\/dsrmedios.com.ar\/diario\/wp-content\/uploads\/2018\/07\/feria3-1024x767.jpeg\" alt=\"\" width=\"1024\" height=\"767\" srcset=\"http:\/\/dsrmedios.com.ar\/diario\/wp-content\/uploads\/2018\/07\/feria3-1024x767.jpeg 1024w, http:\/\/dsrmedios.com.ar\/diario\/wp-content\/uploads\/2018\/07\/feria3-300x225.jpeg 300w, http:\/\/dsrmedios.com.ar\/diario\/wp-content\/uploads\/2018\/07\/feria3-768x575.jpeg 768w, http:\/\/dsrmedios.com.ar\/diario\/wp-content\/uploads\/2018\/07\/feria3-678x509.jpeg 678w, http:\/\/dsrmedios.com.ar\/diario\/wp-content\/uploads\/2018\/07\/feria3-326x245.jpeg 326w, http:\/\/dsrmedios.com.ar\/diario\/wp-content\/uploads\/2018\/07\/feria3-80x60.jpeg 80w, http:\/\/dsrmedios.com.ar\/diario\/wp-content\/uploads\/2018\/07\/feria3.jpeg 1280w\" sizes=\"(max-width: 1024px) 100vw, 1024px\" \/><\/a><\/p>\n<p>Los Stands interactivos de Formaci\u00f3n Profesional y la presentaci\u00f3n de impresora 3 D de la Escuela T\u00e9cnica, adem\u00e1s de los profes de educaci\u00f3n f\u00edsica con un espacio de juegos al aire libre<\/p>\n<p>A los CAJ de Agraria y Secundaria 2<\/p>\n<p>Queremos agradecer y destacar el aporte de empresas, instituciones, cooperativas y particulares para incentivar y promover la investigaci\u00f3n en las escuelas.<\/p>\n<p>Las contribuciones se destinaron a:<\/p>\n<p>* Beca PENT FLACSO: docente Flor Ditler Angerami<\/p>\n<p>*Sudoeste Fumigaciones: Jard\u00edn 908 de Leubuc\u00f3 MI Martin Proyecto: PALITOS, PLUMAS y BARRO<\/p>\n<p>* CLERYSA : Escuela Primaria Uno proyecto: ANIMALES CON ARMADURA<\/p>\n<p>*Cooperativa Ganadera: Escuela Secundaria DosProyecto: NO ME CHOCO<\/p>\n<p>*Cooperativas y Colegio:<\/p>\n<p>Cec Paulo Freire Rivera Proyecto: Dej\u00e1 tu huella sin bacterias,<\/p>\n<p>Instituto Mariano Moreno Proyecto: Por un latido saludable<br \/>\ny<br \/>\nEscuelatres Rivera Proyecto: Los secretos de la esponja<\/p>\n<p>Sociedad Espa\u00f1ola: @Escuela de Educacion Escuela de Educaci\u00f3n Secundaria T\u00e9cnica Nro1 Carhu\u00e9<\/p>\n<p><a href=\"http:\/\/dsrmedios.com.ar\/diario\/wp-content\/uploads\/2018\/07\/feria4.jpeg\"><img decoding=\"async\" loading=\"lazy\" class=\"aligncenter size-large wp-image-6892\" src=\"http:\/\/dsrmedios.com.ar\/diario\/wp-content\/uploads\/2018\/07\/feria4-1024x768.jpeg\" alt=\"\" width=\"1024\" height=\"768\" srcset=\"http:\/\/dsrmedios.com.ar\/diario\/wp-content\/uploads\/2018\/07\/feria4-1024x768.jpeg 1024w, http:\/\/dsrmedios.com.ar\/diario\/wp-content\/uploads\/2018\/07\/feria4-300x225.jpeg 300w, http:\/\/dsrmedios.com.ar\/diario\/wp-content\/uploads\/2018\/07\/feria4-768x576.jpeg 768w, http:\/\/dsrmedios.com.ar\/diario\/wp-content\/uploads\/2018\/07\/feria4-678x509.jpeg 678w, http:\/\/dsrmedios.com.ar\/diario\/wp-content\/uploads\/2018\/07\/feria4-326x245.jpeg 326w, http:\/\/dsrmedios.com.ar\/diario\/wp-content\/uploads\/2018\/07\/feria4-80x60.jpeg 80w, http:\/\/dsrmedios.com.ar\/diario\/wp-content\/uploads\/2018\/07\/feria4.jpeg 1032w\" sizes=\"(max-width: 1024px) 100vw, 1024px\" \/><\/a><\/p>\n<p>GRACIAS y FELICITACIONES!<\/p>\n<p>&nbsp;<\/p>\n<p>Proyectos de Investigaci\u00f3n que nos representar\u00e1n en la Etapa regional el pr\u00f3ximo 7 de septiembre:<\/p>\n<p>PLUMAS, PALITOS Y BARRO Jardin De Leubuco Adolfo Alsina<\/p>\n<p>NO ME CHOCO Escuela Secundaria Dos<\/p>\n<p>LOS SECRETOS DE LA ESPONJA Escuelatres Rivera<\/p>\n<p>DEJA TU HUELLA SIN BACTERIAS Cec Paulo Freire Rivera<\/p>\n<p>ANDADOR 3.0 Escuela de Educaci\u00f3n Secundaria T\u00e9cnica N\u00ba1<\/p>\n<p>EPECUEN 4.0 Escuela de Educaci\u00f3n Secundaria T\u00e9cnica N\u00ba1<\/p>\n<p>COMPOST: UNA FORMA DE MEJORAR NUESTRO MEDIO AMBIENTE JARDIN 903 DE SAN MIGUEL DE ARC\u00c1NGEL Carolina Petz<\/p>\n<p>ANIMALES CON ARMADURA Escuela Primaria Uno<\/p>\n<p><a href=\"http:\/\/dsrmedios.com.ar\/diario\/wp-content\/uploads\/2018\/07\/feria7.jpeg\"><img decoding=\"async\" loading=\"lazy\" class=\"aligncenter size-large wp-image-6893\" src=\"http:\/\/dsrmedios.com.ar\/diario\/wp-content\/uploads\/2018\/07\/feria7-1024x768.jpeg\" alt=\"\" width=\"1024\" height=\"768\" srcset=\"http:\/\/dsrmedios.com.ar\/diario\/wp-content\/uploads\/2018\/07\/feria7-1024x768.jpeg 1024w, http:\/\/dsrmedios.com.ar\/diario\/wp-content\/uploads\/2018\/07\/feria7-300x225.jpeg 300w, http:\/\/dsrmedios.com.ar\/diario\/wp-content\/uploads\/2018\/07\/feria7-768x576.jpeg 768w, http:\/\/dsrmedios.com.ar\/diario\/wp-content\/uploads\/2018\/07\/feria7-678x509.jpeg 678w, http:\/\/dsrmedios.com.ar\/diario\/wp-content\/uploads\/2018\/07\/feria7-326x245.jpeg 326w, http:\/\/dsrmedios.com.ar\/diario\/wp-content\/uploads\/2018\/07\/feria7-80x60.jpeg 80w, http:\/\/dsrmedios.com.ar\/diario\/wp-content\/uploads\/2018\/07\/feria7.jpeg 1152w\" sizes=\"(max-width: 1024px) 100vw, 1024px\" \/><\/a><\/p>\n<p>DE LA COCINA AL LABORATORIO&#8230;DEL LABORATORIO A<br \/>\nLA COCINA Colegio Desamparados Carhu\u00e9<\/p>\n<p>VISUALIZ\u00c1NDONOS Escuela de Educaci\u00f3n Secundaria T\u00e9cnica N\u00ba1<\/p>\n<p><a href=\"http:\/\/dsrmedios.com.ar\/diario\/wp-content\/uploads\/2018\/07\/feria8.jpeg\"><img decoding=\"async\" loading=\"lazy\" class=\"aligncenter size-large wp-image-6894\" src=\"http:\/\/dsrmedios.com.ar\/diario\/wp-content\/uploads\/2018\/07\/feria8-1024x768.jpeg\" alt=\"\" width=\"1024\" height=\"768\" srcset=\"http:\/\/dsrmedios.com.ar\/diario\/wp-content\/uploads\/2018\/07\/feria8-1024x768.jpeg 1024w, http:\/\/dsrmedios.com.ar\/diario\/wp-content\/uploads\/2018\/07\/feria8-300x225.jpeg 300w, http:\/\/dsrmedios.com.ar\/diario\/wp-content\/uploads\/2018\/07\/feria8-768x576.jpeg 768w, http:\/\/dsrmedios.com.ar\/diario\/wp-content\/uploads\/2018\/07\/feria8-678x509.jpeg 678w, http:\/\/dsrmedios.com.ar\/diario\/wp-content\/uploads\/2018\/07\/feria8-326x245.jpeg 326w, http:\/\/dsrmedios.com.ar\/diario\/wp-content\/uploads\/2018\/07\/feria8-80x60.jpeg 80w, http:\/\/dsrmedios.com.ar\/diario\/wp-content\/uploads\/2018\/07\/feria8.jpeg 1152w\" sizes=\"(max-width: 1024px) 100vw, 1024px\" \/><\/a><\/p>\n<p>POR UN LATIDO SALUDABLE Instituto Mariano Moreno<\/p>\n<p>BARRIENDO POR EL MEDIO AMBIENTE Escuela Secundaria Dos<\/p>\n<p>CARNE VEGETAL \u00bfLA NUEVA OPCI\u00d3N? Escuela Agraria De Rivera<\/p>\n","protected":false},"excerpt":{"rendered":"<div class=\"mh-excerpt\"><p>De la 11\u00b0 Feria Distrital de Educaci\u00f3n, arte, ciencias y tecnolog\u00eda participaron 43 proyectos de investigaci\u00f3n de todos los niveles educativos y de las distintas localidades del distrito: Maza, San Miguel, Carhu\u00e9, Rivera, Thames y Leubuc\u00f3. Se realiz\u00f3 en la EES 5\/EP 45 Se agradece a: Direcci\u00f3n de Cultura del Municipio, Consejo Escolar por el acompa\u00f1amiento y financiamiento con recursos concretos. Al HCD que acompa\u00f1\u00f3 durante la jornada y lo declar\u00f3 de inter\u00e9s legislativo Al equipo de inspectores y personal de Jefatura Distrital: Jorgelina, Claudia, Ivana y Olguita A Tito que coordin\u00f3 el transporte Docentes y auxiliares de escuelas anfitrionas <a class=\"mh-excerpt-more\" href=\"http:\/\/dsrmedios.com.ar\/diario\/archivos\/6889\" title=\"Con gran \u00e9xito se realiz\u00f3 la 11\u00b0 Feria de Ciencias en nuestra ciudad\">[Leer m\u00e1s]<\/a><\/p>\n<\/div>","protected":false},"author":5,"featured_media":6895,"comment_status":"open","ping_status":"closed","sticky":false,"template":"","format":"standard","meta":{"_jetpack_newsletter_access":""},"categories":[18,31],"tags":[],"jetpack_featured_media_url":"http:\/\/dsrmedios.com.ar\/diario\/wp-content\/uploads\/2018\/07\/feria9.jpeg","jetpack_sharing_enabled":true,"jetpack_shortlink":"https:\/\/wp.me\/p9fihK-1N7","_links":{"self":[{"href":"http:\/\/dsrmedios.com.ar\/diario\/wp-json\/wp\/v2\/posts\/6889"}],"collection":[{"href":"http:\/\/dsrmedios.com.ar\/diario\/wp-json\/wp\/v2\/posts"}],"about":[{"href":"http:\/\/dsrmedios.com.ar\/diario\/wp-json\/wp\/v2\/types\/post"}],"author":[{"embeddable":true,"href":"http:\/\/dsrmedios.com.ar\/diario\/wp-json\/wp\/v2\/users\/5"}],"replies":[{"embeddable":true,"href":"http:\/\/dsrmedios.com.ar\/diario\/wp-json\/wp\/v2\/comments?post=6889"}],"version-history":[{"count":1,"href":"http:\/\/dsrmedios.com.ar\/diario\/wp-json\/wp\/v2\/posts\/6889\/revisions"}],"predecessor-version":[{"id":6896,"href":"http:\/\/dsrmedios.com.ar\/diario\/wp-json\/wp\/v2\/posts\/6889\/revisions\/6896"}],"wp:featuredmedia":[{"embeddable":true,"href":"http:\/\/dsrmedios.com.ar\/diario\/wp-json\/wp\/v2\/media\/6895"}],"wp:attachment":[{"href":"http:\/\/dsrmedios.com.ar\/diario\/wp-json\/wp\/v2\/media?parent=6889"}],"wp:term":[{"taxonomy":"category","embeddable":true,"href":"http:\/\/dsrmedios.com.ar\/diario\/wp-json\/wp\/v2\/categories?post=6889"},{"taxonomy":"post_tag","embeddable":true,"href":"http:\/\/dsrmedios.com.ar\/diario\/wp-json\/wp\/v2\/tags?post=6889"}],"curies":[{"name":"wp","href":"https:\/\/api.w.org\/{rel}","templated":true}]}}