{"id":6836,"date":"2018-07-05T07:05:24","date_gmt":"2018-07-05T10:05:24","guid":{"rendered":"http:\/\/dsrmedios.com.ar\/diario\/?p=6836"},"modified":"2018-07-04T17:00:46","modified_gmt":"2018-07-04T20:00:46","slug":"se-registraron-nevadas-leves-en-pigue-y-sierra-de-la-ventana","status":"publish","type":"post","link":"http:\/\/dsrmedios.com.ar\/diario\/archivos\/6836","title":{"rendered":"Se registraron nevadas leves en Pigu\u00e9 y Sierra de la Ventana"},"content":{"rendered":"<p>El fen\u00f3meno se vio en horas de la madrugada en Saavedra, Pig\u00fc\u00e9, Goyena, entre otras localidades.<\/p>\n<p>En gran parte del distrito la nieve fue la protagonista de la madrugada, donde primero comenz\u00f3 con una tenue llovizna y luego se vieron los copos blancos en Pig\u00fc\u00e9, Saavedra, Goyena, entre otras localidades y zona rural.<\/p>\n<p>La nevada en algunos casos, como Pig\u00fc\u00e9, donde fue m\u00e1s importante que en Saavedra y Goyena, se inici\u00f3 aproximadamente a las 2:30hs y en \u00e9sta, continu\u00f3 durante la ma\u00f1ana, al menos as\u00ed fue que la gente compart\u00eda lo posteos en las redes sociales pasadas las 7:30 hs del mi\u00e9rcoles.<\/p>\n<p>fuente:ciudadnoticias.com<\/p>\n","protected":false},"excerpt":{"rendered":"<div class=\"mh-excerpt\"><p>El fen\u00f3meno se vio en horas de la madrugada en Saavedra, Pig\u00fc\u00e9, Goyena, entre otras localidades. En gran parte del distrito la nieve fue la protagonista de la madrugada, donde primero comenz\u00f3 con una tenue llovizna y luego se vieron los copos blancos en Pig\u00fc\u00e9, Saavedra, Goyena, entre otras localidades y zona rural. La nevada en algunos casos, como Pig\u00fc\u00e9, donde fue m\u00e1s importante que en Saavedra y Goyena, se inici\u00f3 aproximadamente a las 2:30hs y en \u00e9sta, continu\u00f3 durante la ma\u00f1ana, al menos as\u00ed fue que la gente compart\u00eda lo posteos en las redes sociales pasadas las 7:30 hs <a class=\"mh-excerpt-more\" href=\"http:\/\/dsrmedios.com.ar\/diario\/archivos\/6836\" title=\"Se registraron nevadas leves en Pigu\u00e9 y Sierra de la Ventana\">[Leer m\u00e1s]<\/a><\/p>\n<\/div>","protected":false},"author":5,"featured_media":6837,"comment_status":"open","ping_status":"closed","sticky":false,"template":"","format":"standard","meta":{"_jetpack_newsletter_access":""},"categories":[18,31],"tags":[],"jetpack_featured_media_url":"http:\/\/dsrmedios.com.ar\/diario\/wp-content\/uploads\/2018\/07\/nieve-pigue.jpeg","jetpack_sharing_enabled":true,"jetpack_shortlink":"https:\/\/wp.me\/p9fihK-1Mg","_links":{"self":[{"href":"http:\/\/dsrmedios.com.ar\/diario\/wp-json\/wp\/v2\/posts\/6836"}],"collection":[{"href":"http:\/\/dsrmedios.com.ar\/diario\/wp-json\/wp\/v2\/posts"}],"about":[{"href":"http:\/\/dsrmedios.com.ar\/diario\/wp-json\/wp\/v2\/types\/post"}],"author":[{"embeddable":true,"href":"http:\/\/dsrmedios.com.ar\/diario\/wp-json\/wp\/v2\/users\/5"}],"replies":[{"embeddable":true,"href":"http:\/\/dsrmedios.com.ar\/diario\/wp-json\/wp\/v2\/comments?post=6836"}],"version-history":[{"count":1,"href":"http:\/\/dsrmedios.com.ar\/diario\/wp-json\/wp\/v2\/posts\/6836\/revisions"}],"predecessor-version":[{"id":6838,"href":"http:\/\/dsrmedios.com.ar\/diario\/wp-json\/wp\/v2\/posts\/6836\/revisions\/6838"}],"wp:featuredmedia":[{"embeddable":true,"href":"http:\/\/dsrmedios.com.ar\/diario\/wp-json\/wp\/v2\/media\/6837"}],"wp:attachment":[{"href":"http:\/\/dsrmedios.com.ar\/diario\/wp-json\/wp\/v2\/media?parent=6836"}],"wp:term":[{"taxonomy":"category","embeddable":true,"href":"http:\/\/dsrmedios.com.ar\/diario\/wp-json\/wp\/v2\/categories?post=6836"},{"taxonomy":"post_tag","embeddable":true,"href":"http:\/\/dsrmedios.com.ar\/diario\/wp-json\/wp\/v2\/tags?post=6836"}],"curies":[{"name":"wp","href":"https:\/\/api.w.org\/{rel}","templated":true}]}}