{"id":6812,"date":"2018-07-04T07:03:02","date_gmt":"2018-07-04T10:03:02","guid":{"rendered":"http:\/\/dsrmedios.com.ar\/diario\/?p=6812"},"modified":"2018-07-04T17:01:41","modified_gmt":"2018-07-04T20:01:41","slug":"el-diputado-mariano-balbin-realizo-una-extensa-gira-por-la-sexta-seccion","status":"publish","type":"post","link":"http:\/\/dsrmedios.com.ar\/diario\/archivos\/6812","title":{"rendered":"El Diputado Emiliano Balb\u00edn realiz\u00f3 una extensa gira por la Sexta Secci\u00f3n"},"content":{"rendered":"<p>Una intensa gira encar\u00f3 el diputado por Cambiemos Emiliano Balb\u00edn, en la Sexta Secci\u00f3n electoral. Fueron varios d\u00edas de actividad territorial que comenz\u00f3 con las jornadas de dislexia en los distritos de Guamin\u00ed y Daireaux. Tras visitar Benito Ju\u00e1rez y Gonzales Chaves, Balb\u00edn se sum\u00f3 junto a legisladores de la Sexta al raid que encabez\u00f3 el presidente de la C\u00e1mara baja provincial, Manuel Mosca, por varios distritos del sur bonaerense. El cierre del trayecto de Balb\u00edn, fue este fin de semana, cuando celebr\u00f3 primero en el comit\u00e9 de Salliquel\u00f3, el 127\u00b0 aniversario de la creaci\u00f3n de la Uni\u00f3n C\u00edvica Radical y luego en Coronel Su\u00e1rez, el centenario de la fundaci\u00f3n del Centro Deportivo Sarmiento de esa ciudad.<\/p>\n<p>Fue un raid que se prolong\u00f3 por ocho d\u00edas y sirvi\u00f3 para fortalecer el contacto con el vecino, las instituciones intermedias y productivas. Tambi\u00e9n se reuni\u00f3 con concejales con quienes trabaj\u00f3 en proyectos y propuestas para sus distritos en el corto y mediano plazo. Adem\u00e1s observ\u00f3 el avance de las importantes obras energ\u00e9ticas, caminos y de infraestructura en los 18 pueblos y ciudades que tocaron en este trayecto, que super\u00f3 los 3.000 kil\u00f3metros.<\/p>\n<p>Todo empez\u00f3 el 22 y 23 de junio en Guamin\u00ed y Daireaux. All\u00ed Balb\u00edn acompa\u00f1\u00f3 las jornadas sobre dislexia que impulsa desde la C\u00e1mara de Diputados. El diputado junto al intendente N\u00e9stor \u00c1lvarez entreg\u00f3 a las autoridades del Jard\u00edn de Infantes 901 de Guamin\u00ed, una mu\u00f1eca inclusiva \u201cOli\u201d. Con agenda propia, viaj\u00f3 a Benito Ju\u00e1rez y De La Garma (Gonzales Chaves) para reunirse con concejales de ambos distritos con el fin de consensuar propuestas y objetivos comunes, que beneficien a los vecinos de estas localidades.<\/p>\n<p>JUNTO A MOSCA<\/p>\n<p>Luego fue el tiempo del Parque E\u00f3lico Corti en Bah\u00eda Blanca, la empresa Salustri en Coronel Dorrego, las obras realizadas en los hospitales de Tornquist y Coronel Rosales, los trabajos de pavimentaci\u00f3n en Santa Trinidad (Coronel Su\u00e1rez). Estos fueron algunos de los puntos que incluyeron el periplo junto a los diputados por Cambiemos, Manuel Mosca, Santiago Nardelli, Anah\u00ed Bilbao, Rosio Antinori, Laura Aprile y la senadora provincial Julieta Centeno. Tambi\u00e9n tomaron contacto con la escuela especial 502 y el Jard\u00edn de Infantes 906 de Villalonga. Adem\u00e1s se juntaron con pobladores que fueron beneficiados por obras de aguas y cloacas en diversos distritos. Como as\u00ed tambi\u00e9n encuentros con vecinos, fuerzas vivas y entidades productivas y educativas de la secci\u00f3n electoral m\u00e1s extensa de la provincia.<\/p>\n<p>La recorrida del grupo de legisladores comenz\u00f3 el martes pasado en Bah\u00eda Blanca y concluy\u00f3 el jueves en Tres Arroyos. Surcando adem\u00e1s los distritos de Carmen de Patagones, Villarino, Tornquist, Saavedra, Coronel Su\u00e1rez, Coronel Rosales y Monte Hermoso. \u201cEl balance de la gira es m\u00e1s que positiva. Primero porque seguimos estando junto a la gente y sus inquietudes y segundo porque sabemos que detr\u00e1s de esos planteos hay un gobierno provincial firme en sus convicciones\u201d, se\u00f1al\u00f3 Balb\u00edn.<\/p>\n","protected":false},"excerpt":{"rendered":"<div class=\"mh-excerpt\"><p>Una intensa gira encar\u00f3 el diputado por Cambiemos Emiliano Balb\u00edn, en la Sexta Secci\u00f3n electoral. Fueron varios d\u00edas de actividad territorial que comenz\u00f3 con las jornadas de dislexia en los distritos de Guamin\u00ed y Daireaux. Tras visitar Benito Ju\u00e1rez y Gonzales Chaves, Balb\u00edn se sum\u00f3 junto a legisladores de la Sexta al raid que encabez\u00f3 el presidente de la C\u00e1mara baja provincial, Manuel Mosca, por varios distritos del sur bonaerense. El cierre del trayecto de Balb\u00edn, fue este fin de semana, cuando celebr\u00f3 primero en el comit\u00e9 de Salliquel\u00f3, el 127\u00b0 aniversario de la creaci\u00f3n de la Uni\u00f3n C\u00edvica Radical <a class=\"mh-excerpt-more\" href=\"http:\/\/dsrmedios.com.ar\/diario\/archivos\/6812\" title=\"El Diputado Emiliano Balb\u00edn realiz\u00f3 una extensa gira por la Sexta Secci\u00f3n\">[Leer m\u00e1s]<\/a><\/p>\n<\/div>","protected":false},"author":5,"featured_media":6813,"comment_status":"open","ping_status":"closed","sticky":false,"template":"","format":"standard","meta":{"_jetpack_newsletter_access":""},"categories":[18,31],"tags":[],"jetpack_featured_media_url":"http:\/\/dsrmedios.com.ar\/diario\/wp-content\/uploads\/2018\/07\/marianobalbin.jpg","jetpack_sharing_enabled":true,"jetpack_shortlink":"https:\/\/wp.me\/p9fihK-1LS","_links":{"self":[{"href":"http:\/\/dsrmedios.com.ar\/diario\/wp-json\/wp\/v2\/posts\/6812"}],"collection":[{"href":"http:\/\/dsrmedios.com.ar\/diario\/wp-json\/wp\/v2\/posts"}],"about":[{"href":"http:\/\/dsrmedios.com.ar\/diario\/wp-json\/wp\/v2\/types\/post"}],"author":[{"embeddable":true,"href":"http:\/\/dsrmedios.com.ar\/diario\/wp-json\/wp\/v2\/users\/5"}],"replies":[{"embeddable":true,"href":"http:\/\/dsrmedios.com.ar\/diario\/wp-json\/wp\/v2\/comments?post=6812"}],"version-history":[{"count":2,"href":"http:\/\/dsrmedios.com.ar\/diario\/wp-json\/wp\/v2\/posts\/6812\/revisions"}],"predecessor-version":[{"id":6840,"href":"http:\/\/dsrmedios.com.ar\/diario\/wp-json\/wp\/v2\/posts\/6812\/revisions\/6840"}],"wp:featuredmedia":[{"embeddable":true,"href":"http:\/\/dsrmedios.com.ar\/diario\/wp-json\/wp\/v2\/media\/6813"}],"wp:attachment":[{"href":"http:\/\/dsrmedios.com.ar\/diario\/wp-json\/wp\/v2\/media?parent=6812"}],"wp:term":[{"taxonomy":"category","embeddable":true,"href":"http:\/\/dsrmedios.com.ar\/diario\/wp-json\/wp\/v2\/categories?post=6812"},{"taxonomy":"post_tag","embeddable":true,"href":"http:\/\/dsrmedios.com.ar\/diario\/wp-json\/wp\/v2\/tags?post=6812"}],"curies":[{"name":"wp","href":"https:\/\/api.w.org\/{rel}","templated":true}]}}