{"id":6786,"date":"2018-07-04T07:05:46","date_gmt":"2018-07-04T10:05:46","guid":{"rendered":"http:\/\/dsrmedios.com.ar\/diario\/?p=6786"},"modified":"2018-07-03T19:01:20","modified_gmt":"2018-07-03T22:01:20","slug":"organizan-capacitacion-en-atencion-al-publico-en-la-upso-carhue","status":"publish","type":"post","link":"http:\/\/dsrmedios.com.ar\/diario\/archivos\/6786","title":{"rendered":"Organizan capacitaci\u00f3n en atenci\u00f3n al p\u00fablico en la UPSO Carhu\u00e9"},"content":{"rendered":"<p>El martes 10 de Julio se \u00a0realizar\u00e1 una capacitaci\u00f3n en \u201cAtenci\u00f3n al P\u00fablico\u201d dictada por UPSO. ser\u00e1 de 14 a 18hs en la Casa de la Cultura.<br \/>\nEl curso es \u00a0gratuito, con certificaci\u00f3n \u00a0y cupos limitados. Se enmarca en el \u201cPrograma de Fortalecimiento de Oficios del Turismo\u201d firmado por el Municipio y la Universidad.<br \/>\nAl terminar la jornada se realizar\u00e1 la entrega del certificado del curso incluyendo tambi\u00e9n la entrega de la certificaci\u00f3n de los cursos de Mozo y Barman, enmarcados dentro del mismo programa.<br \/>\nLas inscripciones pueden realizarse en la Casa de la Cultura de Carhu\u00e9 o en la Oficina de Turismo.<\/p>\n","protected":false},"excerpt":{"rendered":"<div class=\"mh-excerpt\"><p>El martes 10 de Julio se \u00a0realizar\u00e1 una capacitaci\u00f3n en \u201cAtenci\u00f3n al P\u00fablico\u201d dictada por UPSO. ser\u00e1 de 14 a 18hs en la Casa de la Cultura. El curso es \u00a0gratuito, con certificaci\u00f3n \u00a0y cupos limitados. Se enmarca en el \u201cPrograma de Fortalecimiento de Oficios del Turismo\u201d firmado por el Municipio y la Universidad. Al terminar la jornada se realizar\u00e1 la entrega del certificado del curso incluyendo tambi\u00e9n la entrega de la certificaci\u00f3n de los cursos de Mozo y Barman, enmarcados dentro del mismo programa. Las inscripciones pueden realizarse en la Casa de la Cultura de Carhu\u00e9 o en la <a class=\"mh-excerpt-more\" href=\"http:\/\/dsrmedios.com.ar\/diario\/archivos\/6786\" title=\"Organizan capacitaci\u00f3n en atenci\u00f3n al p\u00fablico en la UPSO Carhu\u00e9\">[Leer m\u00e1s]<\/a><\/p>\n<\/div>","protected":false},"author":5,"featured_media":6787,"comment_status":"open","ping_status":"closed","sticky":false,"template":"","format":"standard","meta":{"_jetpack_newsletter_access":""},"categories":[18,31],"tags":[],"jetpack_featured_media_url":"http:\/\/dsrmedios.com.ar\/diario\/wp-content\/uploads\/2018\/07\/atencion.png","jetpack_sharing_enabled":true,"jetpack_shortlink":"https:\/\/wp.me\/p9fihK-1Ls","_links":{"self":[{"href":"http:\/\/dsrmedios.com.ar\/diario\/wp-json\/wp\/v2\/posts\/6786"}],"collection":[{"href":"http:\/\/dsrmedios.com.ar\/diario\/wp-json\/wp\/v2\/posts"}],"about":[{"href":"http:\/\/dsrmedios.com.ar\/diario\/wp-json\/wp\/v2\/types\/post"}],"author":[{"embeddable":true,"href":"http:\/\/dsrmedios.com.ar\/diario\/wp-json\/wp\/v2\/users\/5"}],"replies":[{"embeddable":true,"href":"http:\/\/dsrmedios.com.ar\/diario\/wp-json\/wp\/v2\/comments?post=6786"}],"version-history":[{"count":1,"href":"http:\/\/dsrmedios.com.ar\/diario\/wp-json\/wp\/v2\/posts\/6786\/revisions"}],"predecessor-version":[{"id":6788,"href":"http:\/\/dsrmedios.com.ar\/diario\/wp-json\/wp\/v2\/posts\/6786\/revisions\/6788"}],"wp:featuredmedia":[{"embeddable":true,"href":"http:\/\/dsrmedios.com.ar\/diario\/wp-json\/wp\/v2\/media\/6787"}],"wp:attachment":[{"href":"http:\/\/dsrmedios.com.ar\/diario\/wp-json\/wp\/v2\/media?parent=6786"}],"wp:term":[{"taxonomy":"category","embeddable":true,"href":"http:\/\/dsrmedios.com.ar\/diario\/wp-json\/wp\/v2\/categories?post=6786"},{"taxonomy":"post_tag","embeddable":true,"href":"http:\/\/dsrmedios.com.ar\/diario\/wp-json\/wp\/v2\/tags?post=6786"}],"curies":[{"name":"wp","href":"https:\/\/api.w.org\/{rel}","templated":true}]}}