{"id":6767,"date":"2018-07-03T10:44:18","date_gmt":"2018-07-03T13:44:18","guid":{"rendered":"http:\/\/dsrmedios.com.ar\/diario\/?p=6767"},"modified":"2018-07-03T10:44:18","modified_gmt":"2018-07-03T13:44:18","slug":"el-dr-mauricio-alaniz-juro-ayer-como-concejal-suplente","status":"publish","type":"post","link":"http:\/\/dsrmedios.com.ar\/diario\/archivos\/6767","title":{"rendered":"El Dr. Mauricio Alaniz jur\u00f3 ayer como concejal suplente"},"content":{"rendered":"<p>En el d\u00eda de ayer tuvo lugar la Sesi\u00f3n Especial del H.C.D. de Adolfo Alsina en la que jur\u00f3 como Concejal Suplente el Se\u00f1or Mauricio Mart\u00edn Alan\u00edz.<\/p>\n<p>En la sesi\u00f3n, que cont\u00f3 con la presencia del Intendente David Hirtz, tambi\u00e9n se aprob\u00f3 el pedido de licencia del Concejal Juan Carlos de Ort\u00fazar, presidente del Concejo, y se conform\u00f3 la Comisi\u00f3n de Poderes.<\/p>\n<p>Por el per\u00edodo que dura la licencia de de Ort\u00fazar, tal cual lo indica el Art\u00edculo 20 del Reglamento Interno, desempe\u00f1ar\u00e1 el cargo de Presidente el Vicepresidente 1\u00ba Facundo Montenegro.<\/p>\n","protected":false},"excerpt":{"rendered":"<div class=\"mh-excerpt\"><p>En el d\u00eda de ayer tuvo lugar la Sesi\u00f3n Especial del H.C.D. de Adolfo Alsina en la que jur\u00f3 como Concejal Suplente el Se\u00f1or Mauricio Mart\u00edn Alan\u00edz. En la sesi\u00f3n, que cont\u00f3 con la presencia del Intendente David Hirtz, tambi\u00e9n se aprob\u00f3 el pedido de licencia del Concejal Juan Carlos de Ort\u00fazar, presidente del Concejo, y se conform\u00f3 la Comisi\u00f3n de Poderes. Por el per\u00edodo que dura la licencia de de Ort\u00fazar, tal cual lo indica el Art\u00edculo 20 del Reglamento Interno, desempe\u00f1ar\u00e1 el cargo de Presidente el Vicepresidente 1\u00ba Facundo Montenegro.<\/p>\n<\/div>","protected":false},"author":5,"featured_media":6768,"comment_status":"open","ping_status":"closed","sticky":false,"template":"","format":"standard","meta":{"_jetpack_newsletter_access":""},"categories":[18,31],"tags":[],"jetpack_featured_media_url":"http:\/\/dsrmedios.com.ar\/diario\/wp-content\/uploads\/2018\/07\/alaniz.jpg","jetpack_sharing_enabled":true,"jetpack_shortlink":"https:\/\/wp.me\/p9fihK-1L9","_links":{"self":[{"href":"http:\/\/dsrmedios.com.ar\/diario\/wp-json\/wp\/v2\/posts\/6767"}],"collection":[{"href":"http:\/\/dsrmedios.com.ar\/diario\/wp-json\/wp\/v2\/posts"}],"about":[{"href":"http:\/\/dsrmedios.com.ar\/diario\/wp-json\/wp\/v2\/types\/post"}],"author":[{"embeddable":true,"href":"http:\/\/dsrmedios.com.ar\/diario\/wp-json\/wp\/v2\/users\/5"}],"replies":[{"embeddable":true,"href":"http:\/\/dsrmedios.com.ar\/diario\/wp-json\/wp\/v2\/comments?post=6767"}],"version-history":[{"count":1,"href":"http:\/\/dsrmedios.com.ar\/diario\/wp-json\/wp\/v2\/posts\/6767\/revisions"}],"predecessor-version":[{"id":6769,"href":"http:\/\/dsrmedios.com.ar\/diario\/wp-json\/wp\/v2\/posts\/6767\/revisions\/6769"}],"wp:featuredmedia":[{"embeddable":true,"href":"http:\/\/dsrmedios.com.ar\/diario\/wp-json\/wp\/v2\/media\/6768"}],"wp:attachment":[{"href":"http:\/\/dsrmedios.com.ar\/diario\/wp-json\/wp\/v2\/media?parent=6767"}],"wp:term":[{"taxonomy":"category","embeddable":true,"href":"http:\/\/dsrmedios.com.ar\/diario\/wp-json\/wp\/v2\/categories?post=6767"},{"taxonomy":"post_tag","embeddable":true,"href":"http:\/\/dsrmedios.com.ar\/diario\/wp-json\/wp\/v2\/tags?post=6767"}],"curies":[{"name":"wp","href":"https:\/\/api.w.org\/{rel}","templated":true}]}}