{"id":6756,"date":"2018-07-03T08:50:08","date_gmt":"2018-07-03T11:50:08","guid":{"rendered":"http:\/\/dsrmedios.com.ar\/diario\/?p=6756"},"modified":"2018-07-03T08:50:08","modified_gmt":"2018-07-03T11:50:08","slug":"los-ruralistas-sospechan-que-economia-pueda-volver-a-las-retenciones-a-la-soja-el-trigo-y-el-maiz","status":"publish","type":"post","link":"http:\/\/dsrmedios.com.ar\/diario\/archivos\/6756","title":{"rendered":"Los ruralistas sospechan que econom\u00eda pueda volver a las retenciones a la soja el trigo y el ma\u00edz"},"content":{"rendered":"<p>La campa\u00f1a de granos 2018\/19 de granos puso primera, pero la incertidumbre por los derechos de exportaci\u00f3n en soja no tiene fin. Por el lado de los productores, la postura es clara: no quieren que se toque el actual esquema, que contempla una reducci\u00f3n mensual del 0,5%.<\/p>\n<p>En la \u00faltima reuni\u00f3n de la Mesa de Enlace con el ministro Etchevehere, dialogaron sobre el avance de una nueva Ley de Semillas, pero el tema retenciones estuvo fuera de agenda.<br \/>\nDesde el oficialismo, las retenciones sojeras dividen opiniones. El presidente Mauricio Macri sostiene que \u201clas retenciones no volver\u00e1n\u201d, mientras que el ministro de Agroindustria Luis Miguel Etchevehere descarta una y otra vez que haya noticias negativas para los productores.<\/p>\n<p>Nicol\u00e1s Dujovne, ministro de Hacienda, se encarga de agregar una cuota de incertidumbre, al no brindar certezas sobre esta cuesti\u00f3n. El funcionario no descarta que haya una revisi\u00f3n en la estructura de los esquemas impositivos. \u201cTodas las posibilidades est\u00e1n en estudio\u201d, afirm\u00f3.<\/p>\n<p>Frente a este escenario, las entidades que representan a los productores agropecuarios exigen definiciones. Con una campa\u00f1a triguera que se perfila con r\u00e9cord de \u00e1rea sembrada, no quieren sustos. En paralelo a esta incertidumbre con las retenciones sojeras, circularon trascendidos que indicaban una posible vuelta de las retenciones en trigo y ma\u00edz.<\/p>\n<p>En la \u00faltima reuni\u00f3n de la Mesa de Enlace con el ministro Etchevehere, dialogaron sobre el avance de una nueva Ley de Semillas, pero el tema retenciones estuvo fuera de agenda. Esta semana habr\u00eda una nueva reuni\u00f3n en Agroindustria, para buscar definiciones. Con un d\u00f3lar imparable, los temores por una modificaci\u00f3n en el actual esquema de retenciones preocupan a los productores.<\/p>\n<p>Los dirigentes ruralistas no ocultan su enfado cada vez que enfrenta un micr\u00f3fono. Es el caso de Dardo Chiesa, presidente de Confederaciones Rurales Argentinas (CRA). \u201cEn el gabinete de Dujovne hay un hombre que particip\u00f3 en la redacci\u00f3n de la 125, Rodrigo Pena&#8221; dispar\u00f3, en declaraciones radiales. El presidente de CRA agreg\u00f3 que &#8220;para los bur\u00f3cratas recaudadores, es una herramienta fant\u00e1stica, pero no se dan cuenta el da\u00f1o que provocan en el interior.&#8221;<\/p>\n<p>Por su parte, desde la Sociedad Rural Argentina si bien conf\u00edan en que la Casa Rosada no tocar\u00e1 las retenciones, advirtieron que \u201cel campo acept\u00f3 las reglas de juego con el tema de la baja gradual, pero no es bueno el cambio constante de se\u00f1ales\u201d.<\/p>\n<p>fuente:www.infocielo.com<\/p>\n","protected":false},"excerpt":{"rendered":"<div class=\"mh-excerpt\"><p>La campa\u00f1a de granos 2018\/19 de granos puso primera, pero la incertidumbre por los derechos de exportaci\u00f3n en soja no tiene fin. Por el lado de los productores, la postura es clara: no quieren que se toque el actual esquema, que contempla una reducci\u00f3n mensual del 0,5%. En la \u00faltima reuni\u00f3n de la Mesa de Enlace con el ministro Etchevehere, dialogaron sobre el avance de una nueva Ley de Semillas, pero el tema retenciones estuvo fuera de agenda. Desde el oficialismo, las retenciones sojeras dividen opiniones. El presidente Mauricio Macri sostiene que \u201clas retenciones no volver\u00e1n\u201d, mientras que el ministro <a class=\"mh-excerpt-more\" href=\"http:\/\/dsrmedios.com.ar\/diario\/archivos\/6756\" title=\"Los ruralistas sospechan que econom\u00eda pueda volver a las retenciones a la soja el trigo y el ma\u00edz\">[Leer m\u00e1s]<\/a><\/p>\n<\/div>","protected":false},"author":5,"featured_media":6757,"comment_status":"open","ping_status":"closed","sticky":false,"template":"","format":"standard","meta":{"_jetpack_newsletter_access":""},"categories":[18,6],"tags":[],"jetpack_featured_media_url":"http:\/\/dsrmedios.com.ar\/diario\/wp-content\/uploads\/2018\/07\/sojadolares_grande.png","jetpack_sharing_enabled":true,"jetpack_shortlink":"https:\/\/wp.me\/p9fihK-1KY","_links":{"self":[{"href":"http:\/\/dsrmedios.com.ar\/diario\/wp-json\/wp\/v2\/posts\/6756"}],"collection":[{"href":"http:\/\/dsrmedios.com.ar\/diario\/wp-json\/wp\/v2\/posts"}],"about":[{"href":"http:\/\/dsrmedios.com.ar\/diario\/wp-json\/wp\/v2\/types\/post"}],"author":[{"embeddable":true,"href":"http:\/\/dsrmedios.com.ar\/diario\/wp-json\/wp\/v2\/users\/5"}],"replies":[{"embeddable":true,"href":"http:\/\/dsrmedios.com.ar\/diario\/wp-json\/wp\/v2\/comments?post=6756"}],"version-history":[{"count":1,"href":"http:\/\/dsrmedios.com.ar\/diario\/wp-json\/wp\/v2\/posts\/6756\/revisions"}],"predecessor-version":[{"id":6758,"href":"http:\/\/dsrmedios.com.ar\/diario\/wp-json\/wp\/v2\/posts\/6756\/revisions\/6758"}],"wp:featuredmedia":[{"embeddable":true,"href":"http:\/\/dsrmedios.com.ar\/diario\/wp-json\/wp\/v2\/media\/6757"}],"wp:attachment":[{"href":"http:\/\/dsrmedios.com.ar\/diario\/wp-json\/wp\/v2\/media?parent=6756"}],"wp:term":[{"taxonomy":"category","embeddable":true,"href":"http:\/\/dsrmedios.com.ar\/diario\/wp-json\/wp\/v2\/categories?post=6756"},{"taxonomy":"post_tag","embeddable":true,"href":"http:\/\/dsrmedios.com.ar\/diario\/wp-json\/wp\/v2\/tags?post=6756"}],"curies":[{"name":"wp","href":"https:\/\/api.w.org\/{rel}","templated":true}]}}