{"id":6744,"date":"2018-07-03T07:03:21","date_gmt":"2018-07-03T10:03:21","guid":{"rendered":"http:\/\/dsrmedios.com.ar\/diario\/?p=6744"},"modified":"2018-07-02T17:28:48","modified_gmt":"2018-07-02T20:28:48","slug":"el-frente-gremial-docente-realiza-hoy-un-nuevo-paro-en-toda-la-provincia","status":"publish","type":"post","link":"http:\/\/dsrmedios.com.ar\/diario\/archivos\/6744","title":{"rendered":"El Frente gremial Docente realiza hoy un nuevo paro en toda la Provincia"},"content":{"rendered":"<p>El Frente de Unidad Docente Bonaerense (FUDB) volver\u00e1 a parar este martes en toda la provincia, en adhesi\u00f3n a la huelga federal convocada por la Ctera, para rechazar los actos de violencia sufridos por los docentes de Chubut y para exigir por una paritaria nacional. Adem\u00e1s reclaman avances en la negociaci\u00f3n provincial.<\/p>\n<p>Los gremios que componen el FUDB -Suteba, FEB, Udocba, Sadop y AMET- parar\u00e1n este martes y movilizar\u00e1n al Ministerio de Educaci\u00f3n de la Naci\u00f3n.<\/p>\n<p>La medida fue anunciada por el Frente la semana pasada en el marco de una protesta a la Direcci\u00f3n de Cultura y Educaci\u00f3n, donde los docentes entregaron un petitorio contra la resoluci\u00f3n que modifica los Equipos de Orientaci\u00f3n Escolar (EOE).<\/p>\n<p>Hasta el momento, desde el Gobierno no convocaron a los gremios, por lo que toma fuerza que se extiendan las medidas de fuerza tras las vacaciones de invierno.<\/p>\n","protected":false},"excerpt":{"rendered":"<div class=\"mh-excerpt\"><p>El Frente de Unidad Docente Bonaerense (FUDB) volver\u00e1 a parar este martes en toda la provincia, en adhesi\u00f3n a la huelga federal convocada por la Ctera, para rechazar los actos de violencia sufridos por los docentes de Chubut y para exigir por una paritaria nacional. Adem\u00e1s reclaman avances en la negociaci\u00f3n provincial. Los gremios que componen el FUDB -Suteba, FEB, Udocba, Sadop y AMET- parar\u00e1n este martes y movilizar\u00e1n al Ministerio de Educaci\u00f3n de la Naci\u00f3n. La medida fue anunciada por el Frente la semana pasada en el marco de una protesta a la Direcci\u00f3n de Cultura y Educaci\u00f3n, donde <a class=\"mh-excerpt-more\" href=\"http:\/\/dsrmedios.com.ar\/diario\/archivos\/6744\" title=\"El Frente gremial Docente realiza hoy un nuevo paro en toda la Provincia\">[Leer m\u00e1s]<\/a><\/p>\n<\/div>","protected":false},"author":5,"featured_media":3286,"comment_status":"open","ping_status":"closed","sticky":false,"template":"","format":"standard","meta":{"_jetpack_newsletter_access":""},"categories":[18,7],"tags":[],"jetpack_featured_media_url":"http:\/\/dsrmedios.com.ar\/diario\/wp-content\/uploads\/2018\/01\/docentes3.jpg","jetpack_sharing_enabled":true,"jetpack_shortlink":"https:\/\/wp.me\/p9fihK-1KM","_links":{"self":[{"href":"http:\/\/dsrmedios.com.ar\/diario\/wp-json\/wp\/v2\/posts\/6744"}],"collection":[{"href":"http:\/\/dsrmedios.com.ar\/diario\/wp-json\/wp\/v2\/posts"}],"about":[{"href":"http:\/\/dsrmedios.com.ar\/diario\/wp-json\/wp\/v2\/types\/post"}],"author":[{"embeddable":true,"href":"http:\/\/dsrmedios.com.ar\/diario\/wp-json\/wp\/v2\/users\/5"}],"replies":[{"embeddable":true,"href":"http:\/\/dsrmedios.com.ar\/diario\/wp-json\/wp\/v2\/comments?post=6744"}],"version-history":[{"count":1,"href":"http:\/\/dsrmedios.com.ar\/diario\/wp-json\/wp\/v2\/posts\/6744\/revisions"}],"predecessor-version":[{"id":6745,"href":"http:\/\/dsrmedios.com.ar\/diario\/wp-json\/wp\/v2\/posts\/6744\/revisions\/6745"}],"wp:featuredmedia":[{"embeddable":true,"href":"http:\/\/dsrmedios.com.ar\/diario\/wp-json\/wp\/v2\/media\/3286"}],"wp:attachment":[{"href":"http:\/\/dsrmedios.com.ar\/diario\/wp-json\/wp\/v2\/media?parent=6744"}],"wp:term":[{"taxonomy":"category","embeddable":true,"href":"http:\/\/dsrmedios.com.ar\/diario\/wp-json\/wp\/v2\/categories?post=6744"},{"taxonomy":"post_tag","embeddable":true,"href":"http:\/\/dsrmedios.com.ar\/diario\/wp-json\/wp\/v2\/tags?post=6744"}],"curies":[{"name":"wp","href":"https:\/\/api.w.org\/{rel}","templated":true}]}}