{"id":6741,"date":"2018-07-03T07:01:33","date_gmt":"2018-07-03T10:01:33","guid":{"rendered":"http:\/\/dsrmedios.com.ar\/diario\/?p=6741"},"modified":"2018-07-02T17:25:17","modified_gmt":"2018-07-02T20:25:17","slug":"volco-un-camion-en-ruta-33-y-fue-saqueado-por-algunos-vehiculos-que-pasaban","status":"publish","type":"post","link":"http:\/\/dsrmedios.com.ar\/diario\/archivos\/6741","title":{"rendered":"Volc\u00f3 un cami\u00f3n en ruta 33 y fue saqueado por algunos veh\u00edculos que pasaban"},"content":{"rendered":"<p>Un testigo que circulaba por el sector del accidente cont\u00f3 que vio c\u00f3mo los conductores de los autos y las camionetas de alta gama que circulaban por ruta 33,\u00a0 se llevaban la mercader\u00eda que estaba derramada sobre la cinta asf\u00e1ltica.<br \/>\nEl conductor del camion Sergio Restuccia fue internado luego de protagonizar un violento accidente durante el transcurso de la madrugada de ayer en el kil\u00f3metro 46,5 de la Ruta Nacional N\u00b0 33.<\/p>\n<p>Sin embargo, el dato a\u00fan m\u00e1s grave es el comportamiento de quienes (ocasionalmente o no) circulaban por ese tramo y, sin ning\u00fan pudor, se llevaban la mercader\u00eda que llevaba que transportaba la unidad volcada cerca de 1:30.<\/p>\n<p>&#8220;Por razones laborales estoy viajando a Pu\u00e1n. Observ\u00e9 que estaban saqueando mercader\u00eda del cami\u00f3n volcado. Hab\u00eda autos y otras unidades de mayor porte con las balizas puestas. Se estaban llevando cajas de pa\u00f1ales y detergentes&#8221;, relat\u00f3 Federico en LA BR\u00daJULA 24 FM 93.1, quien fue testigo del lamentable episodio.<\/p>\n<p>Y agreg\u00f3 en el programa &#8220;Bah\u00eda Hoy&#8221;: &#8220;Me sorprendi\u00f3 que no haya Polic\u00eda controlando que esto no ocurra. El cami\u00f3n volcado estaba en la banquina&#8221;.<br \/>\nFuente:www.labrujula24.com<\/p>\n","protected":false},"excerpt":{"rendered":"<div class=\"mh-excerpt\"><p>Un testigo que circulaba por el sector del accidente cont\u00f3 que vio c\u00f3mo los conductores de los autos y las camionetas de alta gama que circulaban por ruta 33,\u00a0 se llevaban la mercader\u00eda que estaba derramada sobre la cinta asf\u00e1ltica. El conductor del camion Sergio Restuccia fue internado luego de protagonizar un violento accidente durante el transcurso de la madrugada de ayer en el kil\u00f3metro 46,5 de la Ruta Nacional N\u00b0 33. Sin embargo, el dato a\u00fan m\u00e1s grave es el comportamiento de quienes (ocasionalmente o no) circulaban por ese tramo y, sin ning\u00fan pudor, se llevaban la mercader\u00eda que <a class=\"mh-excerpt-more\" href=\"http:\/\/dsrmedios.com.ar\/diario\/archivos\/6741\" title=\"Volc\u00f3 un cami\u00f3n en ruta 33 y fue saqueado por algunos veh\u00edculos que pasaban\">[Leer m\u00e1s]<\/a><\/p>\n<\/div>","protected":false},"author":5,"featured_media":6742,"comment_status":"open","ping_status":"closed","sticky":false,"template":"","format":"standard","meta":{"_jetpack_newsletter_access":""},"categories":[18,31],"tags":[],"jetpack_featured_media_url":"http:\/\/dsrmedios.com.ar\/diario\/wp-content\/uploads\/2018\/07\/camionvolcado.jpg","jetpack_sharing_enabled":true,"jetpack_shortlink":"https:\/\/wp.me\/p9fihK-1KJ","_links":{"self":[{"href":"http:\/\/dsrmedios.com.ar\/diario\/wp-json\/wp\/v2\/posts\/6741"}],"collection":[{"href":"http:\/\/dsrmedios.com.ar\/diario\/wp-json\/wp\/v2\/posts"}],"about":[{"href":"http:\/\/dsrmedios.com.ar\/diario\/wp-json\/wp\/v2\/types\/post"}],"author":[{"embeddable":true,"href":"http:\/\/dsrmedios.com.ar\/diario\/wp-json\/wp\/v2\/users\/5"}],"replies":[{"embeddable":true,"href":"http:\/\/dsrmedios.com.ar\/diario\/wp-json\/wp\/v2\/comments?post=6741"}],"version-history":[{"count":1,"href":"http:\/\/dsrmedios.com.ar\/diario\/wp-json\/wp\/v2\/posts\/6741\/revisions"}],"predecessor-version":[{"id":6743,"href":"http:\/\/dsrmedios.com.ar\/diario\/wp-json\/wp\/v2\/posts\/6741\/revisions\/6743"}],"wp:featuredmedia":[{"embeddable":true,"href":"http:\/\/dsrmedios.com.ar\/diario\/wp-json\/wp\/v2\/media\/6742"}],"wp:attachment":[{"href":"http:\/\/dsrmedios.com.ar\/diario\/wp-json\/wp\/v2\/media?parent=6741"}],"wp:term":[{"taxonomy":"category","embeddable":true,"href":"http:\/\/dsrmedios.com.ar\/diario\/wp-json\/wp\/v2\/categories?post=6741"},{"taxonomy":"post_tag","embeddable":true,"href":"http:\/\/dsrmedios.com.ar\/diario\/wp-json\/wp\/v2\/tags?post=6741"}],"curies":[{"name":"wp","href":"https:\/\/api.w.org\/{rel}","templated":true}]}}