{"id":6738,"date":"2018-07-03T07:01:46","date_gmt":"2018-07-03T10:01:46","guid":{"rendered":"http:\/\/dsrmedios.com.ar\/diario\/?p=6738"},"modified":"2018-07-02T17:11:29","modified_gmt":"2018-07-02T20:11:29","slug":"fesimubo-suspende-el-cese-de-actividades-previsto-para-el-miercoles","status":"publish","type":"post","link":"http:\/\/dsrmedios.com.ar\/diario\/archivos\/6738","title":{"rendered":"Fesimubo suspende el cese de actividades previsto para el mi\u00e9rcoles"},"content":{"rendered":"<div id=\"js_h4e\" class=\"_5pbx userContent _3576\" data-ft=\"{&quot;tn&quot;:&quot;K&quot;}\">\n<p>El Sindicato FESIMUBO de nuestro distrito public\u00f3 en redes sociales un comunicado respecto de las negociaciones con el Departamento Ejecutivo Municipal en pos de lograr una nueva propuesta salarial. El comunicado reza lo siguiente:<\/p>\n<p>&#8220;Compa\u00f1erxs Municipales de Adolfo Alsina recibimos la convocatoria a la audiencia en la delegaci\u00f3n del ministerio de Trabajo de Cnel. Suarez para el d\u00eda 12 de julio a las 10:30hs. en este sentido comunicamos que el cese de actividades que dar\u00eda inicio el d\u00eda 4 de julio quedara pendiente para el viernes 13 de julio, si el Departamento Ejecutivo no realiza una nueva propuesta salarial.<br \/>\nEl jueves 12 se convoca para asamblea extraordinaria a las 18Hs. para tratar lo propuesto en la mencionada audiencia y de no haber una propuesta razonable dar inicio al cese de actividades propuesto por la asamblea del d\u00eda 27 de junio.&#8221;<\/p>\n<p>COMISI\u00d3N DIRECTIVA Y CUERPO DE DELEGADOS DE LA A.S.T.M.A.A. ADHERIDA A FESIMUBO<\/p>\n<\/div>\n<div class=\"_3x-2\" data-ft=\"{&quot;tn&quot;:&quot;H&quot;}\"><\/div>\n","protected":false},"excerpt":{"rendered":"<div class=\"mh-excerpt\"><p>El Sindicato FESIMUBO de nuestro distrito public\u00f3 en redes sociales un comunicado respecto de las negociaciones con el Departamento Ejecutivo Municipal en pos de lograr una nueva propuesta salarial. El comunicado reza lo siguiente: &#8220;Compa\u00f1erxs Municipales de Adolfo Alsina recibimos la convocatoria a la audiencia en la delegaci\u00f3n del ministerio de Trabajo de Cnel. Suarez para el d\u00eda 12 de julio a las 10:30hs. en este sentido comunicamos que el cese de actividades que dar\u00eda inicio el d\u00eda 4 de julio quedara pendiente para el viernes 13 de julio, si el Departamento Ejecutivo no realiza una nueva propuesta salarial. El <a class=\"mh-excerpt-more\" href=\"http:\/\/dsrmedios.com.ar\/diario\/archivos\/6738\" title=\"Fesimubo suspende el cese de actividades previsto para el mi\u00e9rcoles\">[Leer m\u00e1s]<\/a><\/p>\n<\/div>","protected":false},"author":5,"featured_media":6739,"comment_status":"open","ping_status":"closed","sticky":false,"template":"","format":"standard","meta":{"_jetpack_newsletter_access":""},"categories":[18,31],"tags":[],"jetpack_featured_media_url":"http:\/\/dsrmedios.com.ar\/diario\/wp-content\/uploads\/2018\/07\/fesimubo1.jpg","jetpack_sharing_enabled":true,"jetpack_shortlink":"https:\/\/wp.me\/p9fihK-1KG","_links":{"self":[{"href":"http:\/\/dsrmedios.com.ar\/diario\/wp-json\/wp\/v2\/posts\/6738"}],"collection":[{"href":"http:\/\/dsrmedios.com.ar\/diario\/wp-json\/wp\/v2\/posts"}],"about":[{"href":"http:\/\/dsrmedios.com.ar\/diario\/wp-json\/wp\/v2\/types\/post"}],"author":[{"embeddable":true,"href":"http:\/\/dsrmedios.com.ar\/diario\/wp-json\/wp\/v2\/users\/5"}],"replies":[{"embeddable":true,"href":"http:\/\/dsrmedios.com.ar\/diario\/wp-json\/wp\/v2\/comments?post=6738"}],"version-history":[{"count":1,"href":"http:\/\/dsrmedios.com.ar\/diario\/wp-json\/wp\/v2\/posts\/6738\/revisions"}],"predecessor-version":[{"id":6740,"href":"http:\/\/dsrmedios.com.ar\/diario\/wp-json\/wp\/v2\/posts\/6738\/revisions\/6740"}],"wp:featuredmedia":[{"embeddable":true,"href":"http:\/\/dsrmedios.com.ar\/diario\/wp-json\/wp\/v2\/media\/6739"}],"wp:attachment":[{"href":"http:\/\/dsrmedios.com.ar\/diario\/wp-json\/wp\/v2\/media?parent=6738"}],"wp:term":[{"taxonomy":"category","embeddable":true,"href":"http:\/\/dsrmedios.com.ar\/diario\/wp-json\/wp\/v2\/categories?post=6738"},{"taxonomy":"post_tag","embeddable":true,"href":"http:\/\/dsrmedios.com.ar\/diario\/wp-json\/wp\/v2\/tags?post=6738"}],"curies":[{"name":"wp","href":"https:\/\/api.w.org\/{rel}","templated":true}]}}