{"id":6717,"date":"2018-07-02T09:03:17","date_gmt":"2018-07-02T12:03:17","guid":{"rendered":"http:\/\/dsrmedios.com.ar\/diario\/?p=6717"},"modified":"2018-07-02T09:03:17","modified_gmt":"2018-07-02T12:03:17","slug":"el-nuevo-ministro-de-energia-aseguro-que-habra-nuevos-aumentos-de-gas-y-electricidad","status":"publish","type":"post","link":"http:\/\/dsrmedios.com.ar\/diario\/archivos\/6717","title":{"rendered":"El nuevo ministro de energ\u00eda asegur\u00f3 que habr\u00e1 nuevos aumentos de gas y electricidad"},"content":{"rendered":"<p>El ministro de Energ\u00eda, Javier Iguacel, confirm\u00f3 que habr\u00e1 nuevos tarifazos de luz y gas en lo que queda del a\u00f1o. De este modo,\u00a0el gobierno nacional ya prepara el terreno para profundizar el ajuste en el segundo semestre lo que implicar\u00e1 m\u00e1s golpes al bolsillo de la sociedad.<\/p>\n<p>El funcionario se\u00f1al\u00f3 que \u201cla luz y el gas tienen tres componentes en la factura. Uno que es la energ\u00eda en si misma, producir, el otro es el transporte y el otro la distribuci\u00f3n. Del transporte y la distribuci\u00f3n, las tarifas ya est\u00e1n corregidas. Ya no hay m\u00e1s aumento salvo la correcci\u00f3n por inflaci\u00f3n. Que es la mitad de la boleta&#8221;.<\/p>\n<p>En declaraciones al canal Am\u00e9rica, explic\u00f3 que el resto de la factura est\u00e1 compuesto &#8220;por el costo de generaci\u00f3n&#8221; y advirti\u00f3: &#8220;Todav\u00eda tenemos un costo muy grande porque seguimos importando&#8221;.<\/p>\n<p>&#8220;La diferencia entre lo que nos cuesta y pagamos es de 2 a 1. Nos cuesta el doble de lo que estamos pagando. Ah\u00ed debemos seguir con una correcci\u00f3n&#8221;, a\u00f1adi\u00f3.<\/p>\n<p>Asimismo sostuvo que \u201cel presidente nos dijo que hay que mantener las reglas de juego y estar integrados al mundo. Generar competencia y que haya una econom\u00eda sana. Pero tambi\u00e9n nos pidi\u00f3 que nos aseguremos que la gente y las PyMEs puedan afrontarlas&#8221;.<\/p>\n<p>fuente:www.infocielo.com<\/p>\n","protected":false},"excerpt":{"rendered":"<div class=\"mh-excerpt\"><p>El ministro de Energ\u00eda, Javier Iguacel, confirm\u00f3 que habr\u00e1 nuevos tarifazos de luz y gas en lo que queda del a\u00f1o. De este modo,\u00a0el gobierno nacional ya prepara el terreno para profundizar el ajuste en el segundo semestre lo que implicar\u00e1 m\u00e1s golpes al bolsillo de la sociedad. El funcionario se\u00f1al\u00f3 que \u201cla luz y el gas tienen tres componentes en la factura. Uno que es la energ\u00eda en si misma, producir, el otro es el transporte y el otro la distribuci\u00f3n. Del transporte y la distribuci\u00f3n, las tarifas ya est\u00e1n corregidas. Ya no hay m\u00e1s aumento salvo la correcci\u00f3n <a class=\"mh-excerpt-more\" href=\"http:\/\/dsrmedios.com.ar\/diario\/archivos\/6717\" title=\"El nuevo ministro de energ\u00eda asegur\u00f3 que habr\u00e1 nuevos aumentos de gas y electricidad\">[Leer m\u00e1s]<\/a><\/p>\n<\/div>","protected":false},"author":5,"featured_media":6720,"comment_status":"open","ping_status":"closed","sticky":false,"template":"","format":"standard","meta":{"_jetpack_newsletter_access":""},"categories":[18,31],"tags":[],"jetpack_featured_media_url":"http:\/\/dsrmedios.com.ar\/diario\/wp-content\/uploads\/2018\/07\/iguace.jpg","jetpack_sharing_enabled":true,"jetpack_shortlink":"https:\/\/wp.me\/p9fihK-1Kl","_links":{"self":[{"href":"http:\/\/dsrmedios.com.ar\/diario\/wp-json\/wp\/v2\/posts\/6717"}],"collection":[{"href":"http:\/\/dsrmedios.com.ar\/diario\/wp-json\/wp\/v2\/posts"}],"about":[{"href":"http:\/\/dsrmedios.com.ar\/diario\/wp-json\/wp\/v2\/types\/post"}],"author":[{"embeddable":true,"href":"http:\/\/dsrmedios.com.ar\/diario\/wp-json\/wp\/v2\/users\/5"}],"replies":[{"embeddable":true,"href":"http:\/\/dsrmedios.com.ar\/diario\/wp-json\/wp\/v2\/comments?post=6717"}],"version-history":[{"count":1,"href":"http:\/\/dsrmedios.com.ar\/diario\/wp-json\/wp\/v2\/posts\/6717\/revisions"}],"predecessor-version":[{"id":6721,"href":"http:\/\/dsrmedios.com.ar\/diario\/wp-json\/wp\/v2\/posts\/6717\/revisions\/6721"}],"wp:featuredmedia":[{"embeddable":true,"href":"http:\/\/dsrmedios.com.ar\/diario\/wp-json\/wp\/v2\/media\/6720"}],"wp:attachment":[{"href":"http:\/\/dsrmedios.com.ar\/diario\/wp-json\/wp\/v2\/media?parent=6717"}],"wp:term":[{"taxonomy":"category","embeddable":true,"href":"http:\/\/dsrmedios.com.ar\/diario\/wp-json\/wp\/v2\/categories?post=6717"},{"taxonomy":"post_tag","embeddable":true,"href":"http:\/\/dsrmedios.com.ar\/diario\/wp-json\/wp\/v2\/tags?post=6717"}],"curies":[{"name":"wp","href":"https:\/\/api.w.org\/{rel}","templated":true}]}}