{"id":6702,"date":"2018-07-02T07:00:40","date_gmt":"2018-07-02T10:00:40","guid":{"rendered":"http:\/\/dsrmedios.com.ar\/diario\/?p=6702"},"modified":"2018-07-01T18:35:02","modified_gmt":"2018-07-01T21:35:02","slug":"ypf-aumento-este-domingo-5-todos-los-combustibles","status":"publish","type":"post","link":"http:\/\/dsrmedios.com.ar\/diario\/archivos\/6702","title":{"rendered":"YPF aument\u00f3 este domingo 5% todos los combustibles"},"content":{"rendered":"<p>Las naftas en las estaciones de servicio YPF se venden un 5% promedio m\u00e1s caras en todo el pa\u00eds desde este domingo, confirmaron desde la petrolera.<\/p>\n<p>Durante los \u00faltimos d\u00edas, directivos de la empresa hab\u00edan estado con el ministro de Energ\u00eda Javier Iguacel para plantear que el acuerdo firmado con Juan Jos\u00e9 Aranguren (a cargo de esa cartera hasta el 16 de junio), que supon\u00eda un aumento del 3% desde julio, quedaba retrasado tras la escalada del d\u00f3lar, que el viernes cerr\u00f3 en $29.50.<\/p>\n<p>Las petroleras aseguran que tienen un retraso de sus importes del 30%. Por el aumento del precio del crudo &#8211;que cotiza en d\u00f3lares&#8211; y la devaluaci\u00f3n del peso frente al d\u00f3lar, que es imposible de medir porque nadie sabe hasta d\u00f3nde puede llegar.<\/p>\n<p>Desde esta madrugada, el litro de nafta premium en capital ronda los $32.34, el de super $27.82. YPF le hab\u00eda manifestado al ministro que necesitaba una correcci\u00f3n superior a la hablada con Aranguren.<\/p>\n<p>La acci\u00f3n de YPF cay\u00f3 m\u00e1s de un 25% desde mediados de mayo. Y todas las cotizaciones de las empresas energ\u00e9ticas vienen en ca\u00edda. La salida de Aranguren del ministerio de Energ\u00eda gener\u00f3 incertidumbre en las empresas del sector por el futuro de los marcos regulatorios.<\/p>\n<p>En el mercado de los combustibles, Aranguren hab\u00eda prometido un congelamiento tarifario entre mayo y julio. Lo hab\u00eda hablado con las principales petroleras locales y estuvo en efecto por unas semanas.<\/p>\n<p>Pero ese entendimiento se realiz\u00f3 cuando el d\u00f3lar estaba en la vecindad de los $ 22. Fue de imposible cumplimiento cuando se acerc\u00f3 a los $ 25. Por la suba del petr\u00f3leo crudo, en la mayor\u00eda de los pa\u00edses donde hay libre mercado hay subas en los precios de los combustibles.<\/p>\n<p>Lo opuesto sucedi\u00f3 a\u00f1os atr\u00e1s, cuando el valor de referencia se debilitaba en todo el mundo y se trasladaba esa disminuci\u00f3n a los surtidores.<\/p>\n<p>fuente:www.aninoticias.com<\/p>\n","protected":false},"excerpt":{"rendered":"<div class=\"mh-excerpt\"><p>Las naftas en las estaciones de servicio YPF se venden un 5% promedio m\u00e1s caras en todo el pa\u00eds desde este domingo, confirmaron desde la petrolera. Durante los \u00faltimos d\u00edas, directivos de la empresa hab\u00edan estado con el ministro de Energ\u00eda Javier Iguacel para plantear que el acuerdo firmado con Juan Jos\u00e9 Aranguren (a cargo de esa cartera hasta el 16 de junio), que supon\u00eda un aumento del 3% desde julio, quedaba retrasado tras la escalada del d\u00f3lar, que el viernes cerr\u00f3 en $29.50. Las petroleras aseguran que tienen un retraso de sus importes del 30%. Por el aumento del <a class=\"mh-excerpt-more\" href=\"http:\/\/dsrmedios.com.ar\/diario\/archivos\/6702\" title=\"YPF aument\u00f3 este domingo 5% todos los combustibles\">[Leer m\u00e1s]<\/a><\/p>\n<\/div>","protected":false},"author":5,"featured_media":1659,"comment_status":"open","ping_status":"closed","sticky":false,"template":"","format":"standard","meta":{"_jetpack_newsletter_access":""},"categories":[18,6],"tags":[],"jetpack_featured_media_url":"http:\/\/dsrmedios.com.ar\/diario\/wp-content\/uploads\/2017\/10\/naftas_0.jpg","jetpack_sharing_enabled":true,"jetpack_shortlink":"https:\/\/wp.me\/p9fihK-1K6","_links":{"self":[{"href":"http:\/\/dsrmedios.com.ar\/diario\/wp-json\/wp\/v2\/posts\/6702"}],"collection":[{"href":"http:\/\/dsrmedios.com.ar\/diario\/wp-json\/wp\/v2\/posts"}],"about":[{"href":"http:\/\/dsrmedios.com.ar\/diario\/wp-json\/wp\/v2\/types\/post"}],"author":[{"embeddable":true,"href":"http:\/\/dsrmedios.com.ar\/diario\/wp-json\/wp\/v2\/users\/5"}],"replies":[{"embeddable":true,"href":"http:\/\/dsrmedios.com.ar\/diario\/wp-json\/wp\/v2\/comments?post=6702"}],"version-history":[{"count":1,"href":"http:\/\/dsrmedios.com.ar\/diario\/wp-json\/wp\/v2\/posts\/6702\/revisions"}],"predecessor-version":[{"id":6703,"href":"http:\/\/dsrmedios.com.ar\/diario\/wp-json\/wp\/v2\/posts\/6702\/revisions\/6703"}],"wp:featuredmedia":[{"embeddable":true,"href":"http:\/\/dsrmedios.com.ar\/diario\/wp-json\/wp\/v2\/media\/1659"}],"wp:attachment":[{"href":"http:\/\/dsrmedios.com.ar\/diario\/wp-json\/wp\/v2\/media?parent=6702"}],"wp:term":[{"taxonomy":"category","embeddable":true,"href":"http:\/\/dsrmedios.com.ar\/diario\/wp-json\/wp\/v2\/categories?post=6702"},{"taxonomy":"post_tag","embeddable":true,"href":"http:\/\/dsrmedios.com.ar\/diario\/wp-json\/wp\/v2\/tags?post=6702"}],"curies":[{"name":"wp","href":"https:\/\/api.w.org\/{rel}","templated":true}]}}