{"id":6674,"date":"2018-06-29T08:49:06","date_gmt":"2018-06-29T11:49:06","guid":{"rendered":"http:\/\/dsrmedios.com.ar\/diario\/?p=6674"},"modified":"2018-06-29T08:49:06","modified_gmt":"2018-06-29T11:49:06","slug":"aparecio-una-campana-anonima-contra-los-periodistas-deportivos-argentinos","status":"publish","type":"post","link":"http:\/\/dsrmedios.com.ar\/diario\/archivos\/6674","title":{"rendered":"Apareci\u00f3 una campa\u00f1a an\u00f3nima contra los periodistas deportivos argentinos"},"content":{"rendered":"<p>Los carteles piden &#8220;un minuto de silencio&#8221;. Tienen un cresp\u00f3n negro y las fotos de algunos periodistas deportivos. La mayor\u00eda est\u00e1 realizando la cobertura del Mundial en Rusia para TyC Sports como Diego D\u00edaz, Marcelo Palacios, Leonardo Farinella (adem\u00e1s es director del diario Ol\u00e9), Flavio Azzaro y Hugo Balassone.<\/p>\n<p>Pero tambi\u00e9n aparecen las caras de periodistas que trabajan para otras se\u00f1ales como Gustavo L\u00f3pez (La Red y Fox Sports), Mart\u00edn Liberman (Fox Sports), Alejandro Fantino (La Red y el canal Am\u00e9rica) e incluso el director t\u00e9cnico Ricardo Caruso Lombardi, quien hace de panelista en programas de ESPN y adem\u00e1s de quien circul\u00f3 -y se viraliz\u00f3- un video en el que ventilaba supuestos enfrentamientos entre Sampaoli y los<\/p>\n<p>Los afiches aparecieron este jueves por la ma\u00f1ana pegados, en varios casos, sobre la avenida San Juan, cerca de los estudios de TyC Sports. Y la frase elegida por quienes los idearon, cuya identidad por ahora permanece en el anonimato, es una clara alusi\u00f3n al gesto con el que No Todo Pasa, el programa encabezado por Diego D\u00edaz en ese canal, empez\u00f3 su emisi\u00f3n tras la derrota de Argentina ante Croacia por 3 a 0.<\/p>\n<p>El \u00faltimo jueves, luego de que la Selecci\u00f3n perdiera ante el equipo europeo, D\u00edaz, Balassone, Palacios y Azzaro hicieron un minuto de silencio junto a otros periodistas, como Gustavo Grabia y Guido Glait. A esa performance le siguieron cr\u00edticas dur\u00edsimas al equipo. La elecci\u00f3n de empezar la emisi\u00f3n con ese minuto silencioso fue reprochada en redes sociales y por otros periodistas.<\/p>\n<p>Pero los afiches no incluyeron s\u00f3lo a los periodistas que participaron de No Todo Pasa, sino tambi\u00e9n a otros que han sido cr\u00edticos con la Selecci\u00f3n en distintas instancias. Por ejemplo, cuando Liberman sostuvo durante las Eliminatorias: &#8220;Si no van al Mundial, no cobro vi\u00e1ticos&#8221;. O a Alejandro Fantino, quien tras cada partido de la Selecci\u00f3n realiza dur\u00edsimas editoriales en las que generalmente apunta contra los dirigentes y el cuerpo t\u00e9cnico.<\/p>\n<p>La metodolog\u00eda utilizada contra los periodistas deportivos recuerda a la que usaban los ultra kirchneristas contra periodistas cr\u00edticos a la gesti\u00f3n de N\u00e9stor y Cristina. Por entonces, llegaron al punto de que el escrache con fotos incluyera a chicos escupiendo las caras de los periodistas.<\/p>\n<p>Si bien los jugadores no respondieron a las cr\u00edticas en particular de alg\u00fan periodista, s\u00ed hubo una respuesta de Javier Mascherano para Caruso Lombardi, a quien calific\u00f3 de &#8220;nefasto&#8221;. Y despu\u00e9s del partido contra Nigeria, que Argentina gan\u00f3 2 a 1 y que clasific\u00f3 a la Selecci\u00f3n a octavos de final, Lionel Messi sostuvo: &#8220;Esto es para la gente que no se dej\u00f3 llenar la cabeza con boludeces&#8221;.<\/p>\n<p>Fuente:www.clarin.com.<\/p>\n","protected":false},"excerpt":{"rendered":"<div class=\"mh-excerpt\"><p>Los carteles piden &#8220;un minuto de silencio&#8221;. Tienen un cresp\u00f3n negro y las fotos de algunos periodistas deportivos. La mayor\u00eda est\u00e1 realizando la cobertura del Mundial en Rusia para TyC Sports como Diego D\u00edaz, Marcelo Palacios, Leonardo Farinella (adem\u00e1s es director del diario Ol\u00e9), Flavio Azzaro y Hugo Balassone. Pero tambi\u00e9n aparecen las caras de periodistas que trabajan para otras se\u00f1ales como Gustavo L\u00f3pez (La Red y Fox Sports), Mart\u00edn Liberman (Fox Sports), Alejandro Fantino (La Red y el canal Am\u00e9rica) e incluso el director t\u00e9cnico Ricardo Caruso Lombardi, quien hace de panelista en programas de ESPN y adem\u00e1s de <a class=\"mh-excerpt-more\" href=\"http:\/\/dsrmedios.com.ar\/diario\/archivos\/6674\" title=\"Apareci\u00f3 una campa\u00f1a an\u00f3nima contra los periodistas deportivos argentinos\">[Leer m\u00e1s]<\/a><\/p>\n<\/div>","protected":false},"author":5,"featured_media":6675,"comment_status":"open","ping_status":"closed","sticky":false,"template":"","format":"standard","meta":{"_jetpack_newsletter_access":""},"categories":[18,6],"tags":[],"jetpack_featured_media_url":"http:\/\/dsrmedios.com.ar\/diario\/wp-content\/uploads\/2018\/06\/minutosilencioperiodistas.jpg","jetpack_sharing_enabled":true,"jetpack_shortlink":"https:\/\/wp.me\/p9fihK-1JE","_links":{"self":[{"href":"http:\/\/dsrmedios.com.ar\/diario\/wp-json\/wp\/v2\/posts\/6674"}],"collection":[{"href":"http:\/\/dsrmedios.com.ar\/diario\/wp-json\/wp\/v2\/posts"}],"about":[{"href":"http:\/\/dsrmedios.com.ar\/diario\/wp-json\/wp\/v2\/types\/post"}],"author":[{"embeddable":true,"href":"http:\/\/dsrmedios.com.ar\/diario\/wp-json\/wp\/v2\/users\/5"}],"replies":[{"embeddable":true,"href":"http:\/\/dsrmedios.com.ar\/diario\/wp-json\/wp\/v2\/comments?post=6674"}],"version-history":[{"count":1,"href":"http:\/\/dsrmedios.com.ar\/diario\/wp-json\/wp\/v2\/posts\/6674\/revisions"}],"predecessor-version":[{"id":6676,"href":"http:\/\/dsrmedios.com.ar\/diario\/wp-json\/wp\/v2\/posts\/6674\/revisions\/6676"}],"wp:featuredmedia":[{"embeddable":true,"href":"http:\/\/dsrmedios.com.ar\/diario\/wp-json\/wp\/v2\/media\/6675"}],"wp:attachment":[{"href":"http:\/\/dsrmedios.com.ar\/diario\/wp-json\/wp\/v2\/media?parent=6674"}],"wp:term":[{"taxonomy":"category","embeddable":true,"href":"http:\/\/dsrmedios.com.ar\/diario\/wp-json\/wp\/v2\/categories?post=6674"},{"taxonomy":"post_tag","embeddable":true,"href":"http:\/\/dsrmedios.com.ar\/diario\/wp-json\/wp\/v2\/tags?post=6674"}],"curies":[{"name":"wp","href":"https:\/\/api.w.org\/{rel}","templated":true}]}}