{"id":6664,"date":"2018-06-29T07:02:41","date_gmt":"2018-06-29T10:02:41","guid":{"rendered":"http:\/\/dsrmedios.com.ar\/diario\/?p=6664"},"modified":"2018-06-28T17:26:58","modified_gmt":"2018-06-28T20:26:58","slug":"luiggi-cantara-en-la-tribuna-de-guido-por-canal-13-esta-noche","status":"publish","type":"post","link":"http:\/\/dsrmedios.com.ar\/diario\/archivos\/6664","title":{"rendered":"Luiggi cantar\u00e1 en La Tribuna de Guido por Canal 13 est\u00e1 noche"},"content":{"rendered":"<p>Hoy en el programa televisivo La Tribuna de Guido por Canal 13, se presentar\u00e1 el cantante Luiggi Corval\u00e1n. El programa comenzar\u00e1 alrededor de las 22 horas y ayer el pampeano radicado desde hace muchos a\u00f1os en nuestra ciudad, nos explic\u00f3 que fue llamado para integrar el plantel de participantes.<\/p>\n","protected":false},"excerpt":{"rendered":"<div class=\"mh-excerpt\"><p>Hoy en el programa televisivo La Tribuna de Guido por Canal 13, se presentar\u00e1 el cantante Luiggi Corval\u00e1n. El programa comenzar\u00e1 alrededor de las 22 horas y ayer el pampeano radicado desde hace muchos a\u00f1os en nuestra ciudad, nos explic\u00f3 que fue llamado para integrar el plantel de participantes.<\/p>\n<\/div>","protected":false},"author":5,"featured_media":6665,"comment_status":"open","ping_status":"closed","sticky":false,"template":"","format":"standard","meta":{"_jetpack_newsletter_access":""},"categories":[18,31],"tags":[],"jetpack_featured_media_url":"http:\/\/dsrmedios.com.ar\/diario\/wp-content\/uploads\/2018\/06\/luiggiluiggi.jpg","jetpack_sharing_enabled":true,"jetpack_shortlink":"https:\/\/wp.me\/p9fihK-1Ju","_links":{"self":[{"href":"http:\/\/dsrmedios.com.ar\/diario\/wp-json\/wp\/v2\/posts\/6664"}],"collection":[{"href":"http:\/\/dsrmedios.com.ar\/diario\/wp-json\/wp\/v2\/posts"}],"about":[{"href":"http:\/\/dsrmedios.com.ar\/diario\/wp-json\/wp\/v2\/types\/post"}],"author":[{"embeddable":true,"href":"http:\/\/dsrmedios.com.ar\/diario\/wp-json\/wp\/v2\/users\/5"}],"replies":[{"embeddable":true,"href":"http:\/\/dsrmedios.com.ar\/diario\/wp-json\/wp\/v2\/comments?post=6664"}],"version-history":[{"count":1,"href":"http:\/\/dsrmedios.com.ar\/diario\/wp-json\/wp\/v2\/posts\/6664\/revisions"}],"predecessor-version":[{"id":6666,"href":"http:\/\/dsrmedios.com.ar\/diario\/wp-json\/wp\/v2\/posts\/6664\/revisions\/6666"}],"wp:featuredmedia":[{"embeddable":true,"href":"http:\/\/dsrmedios.com.ar\/diario\/wp-json\/wp\/v2\/media\/6665"}],"wp:attachment":[{"href":"http:\/\/dsrmedios.com.ar\/diario\/wp-json\/wp\/v2\/media?parent=6664"}],"wp:term":[{"taxonomy":"category","embeddable":true,"href":"http:\/\/dsrmedios.com.ar\/diario\/wp-json\/wp\/v2\/categories?post=6664"},{"taxonomy":"post_tag","embeddable":true,"href":"http:\/\/dsrmedios.com.ar\/diario\/wp-json\/wp\/v2\/tags?post=6664"}],"curies":[{"name":"wp","href":"https:\/\/api.w.org\/{rel}","templated":true}]}}