{"id":6646,"date":"2018-06-28T08:41:43","date_gmt":"2018-06-28T11:41:43","guid":{"rendered":"http:\/\/dsrmedios.com.ar\/diario\/?p=6646"},"modified":"2018-06-28T08:41:43","modified_gmt":"2018-06-28T11:41:43","slug":"visita-nuestra-ciudad-el-presidente-del-consejo-general-de-educacion-de-la-provincia","status":"publish","type":"post","link":"http:\/\/dsrmedios.com.ar\/diario\/archivos\/6646","title":{"rendered":"Visita nuestra ciudad el Presidente del Consejo General de Educaci\u00f3n de la Provincia"},"content":{"rendered":"<p>Diego Martinez, Presidente del Consejo General de Educaci\u00f3n de la Provincia de Buenos Aires visita desde ayer nuestra ciudad. El funcionario di\u00f3 una charla sobre el \u00e1rea a su cargo en las instalaciones del Comit\u00e9 de la UCR local y luego comparti\u00f3 una cena con los miembros de la agrupaci\u00f3n pol\u00edtica y otros invitados.<\/p>\n<p>Martinez recorrer\u00e1 en la jornada de hoy Establecimientos Educativos del distrito entre ellos dos de nuestra ciudad, lo har\u00e1 acompa\u00f1ado del Intendente David Hirtz y representantes locales del \u00e1rea de educaci\u00f3n.<\/p>\n","protected":false},"excerpt":{"rendered":"<div class=\"mh-excerpt\"><p>Diego Martinez, Presidente del Consejo General de Educaci\u00f3n de la Provincia de Buenos Aires visita desde ayer nuestra ciudad. El funcionario di\u00f3 una charla sobre el \u00e1rea a su cargo en las instalaciones del Comit\u00e9 de la UCR local y luego comparti\u00f3 una cena con los miembros de la agrupaci\u00f3n pol\u00edtica y otros invitados. Martinez recorrer\u00e1 en la jornada de hoy Establecimientos Educativos del distrito entre ellos dos de nuestra ciudad, lo har\u00e1 acompa\u00f1ado del Intendente David Hirtz y representantes locales del \u00e1rea de educaci\u00f3n.<\/p>\n<\/div>","protected":false},"author":5,"featured_media":6650,"comment_status":"open","ping_status":"closed","sticky":false,"template":"","format":"standard","meta":{"_jetpack_newsletter_access":""},"categories":[18,31],"tags":[],"jetpack_featured_media_url":"http:\/\/dsrmedios.com.ar\/diario\/wp-content\/uploads\/2018\/06\/EDUCACIONUCR.jpg","jetpack_sharing_enabled":true,"jetpack_shortlink":"https:\/\/wp.me\/p9fihK-1Jc","_links":{"self":[{"href":"http:\/\/dsrmedios.com.ar\/diario\/wp-json\/wp\/v2\/posts\/6646"}],"collection":[{"href":"http:\/\/dsrmedios.com.ar\/diario\/wp-json\/wp\/v2\/posts"}],"about":[{"href":"http:\/\/dsrmedios.com.ar\/diario\/wp-json\/wp\/v2\/types\/post"}],"author":[{"embeddable":true,"href":"http:\/\/dsrmedios.com.ar\/diario\/wp-json\/wp\/v2\/users\/5"}],"replies":[{"embeddable":true,"href":"http:\/\/dsrmedios.com.ar\/diario\/wp-json\/wp\/v2\/comments?post=6646"}],"version-history":[{"count":1,"href":"http:\/\/dsrmedios.com.ar\/diario\/wp-json\/wp\/v2\/posts\/6646\/revisions"}],"predecessor-version":[{"id":6651,"href":"http:\/\/dsrmedios.com.ar\/diario\/wp-json\/wp\/v2\/posts\/6646\/revisions\/6651"}],"wp:featuredmedia":[{"embeddable":true,"href":"http:\/\/dsrmedios.com.ar\/diario\/wp-json\/wp\/v2\/media\/6650"}],"wp:attachment":[{"href":"http:\/\/dsrmedios.com.ar\/diario\/wp-json\/wp\/v2\/media?parent=6646"}],"wp:term":[{"taxonomy":"category","embeddable":true,"href":"http:\/\/dsrmedios.com.ar\/diario\/wp-json\/wp\/v2\/categories?post=6646"},{"taxonomy":"post_tag","embeddable":true,"href":"http:\/\/dsrmedios.com.ar\/diario\/wp-json\/wp\/v2\/tags?post=6646"}],"curies":[{"name":"wp","href":"https:\/\/api.w.org\/{rel}","templated":true}]}}