{"id":6643,"date":"2018-06-28T08:27:36","date_gmt":"2018-06-28T11:27:36","guid":{"rendered":"http:\/\/dsrmedios.com.ar\/diario\/?p=6643"},"modified":"2018-06-28T08:27:36","modified_gmt":"2018-06-28T11:27:36","slug":"el-padre-pablo-osow-brindara-una-charla-en-la-casa-de-la-cultura","status":"publish","type":"post","link":"http:\/\/dsrmedios.com.ar\/diario\/archivos\/6643","title":{"rendered":"El Padre Pablo Osow brindar\u00e1 una charla en la Casa de la Cultura"},"content":{"rendered":"<div class=\"text_exposed_show\"><\/div>\n<p>El Padre Pablo Osow brindar\u00e1 en nuestra ciudad una charla abierta y gratuita sobre herramientas pr\u00e1cticas para poder mirar e intervenir. La conferencia es organizada por la Comisi\u00f3n de Mujeres Cooperativistas de la Cooperativa Agr\u00edcola Ganadera Limitada de Adolfo Alsina- Carhu+e\u00a0 y la cita es el d\u00eda s\u00e1bado 30 del corriente a las 9 hs en la Casa de la Cultura.<\/p>\n","protected":false},"excerpt":{"rendered":"<div class=\"mh-excerpt\"><p>El Padre Pablo Osow brindar\u00e1 en nuestra ciudad una charla abierta y gratuita sobre herramientas pr\u00e1cticas para poder mirar e intervenir. La conferencia es organizada por la Comisi\u00f3n de Mujeres Cooperativistas de la Cooperativa Agr\u00edcola Ganadera Limitada de Adolfo Alsina- Carhu+e\u00a0 y la cita es el d\u00eda s\u00e1bado 30 del corriente a las 9 hs en la Casa de la Cultura.<\/p>\n<\/div>","protected":false},"author":5,"featured_media":6644,"comment_status":"open","ping_status":"closed","sticky":false,"template":"","format":"standard","meta":{"_jetpack_newsletter_access":""},"categories":[18,31],"tags":[],"jetpack_featured_media_url":"http:\/\/dsrmedios.com.ar\/diario\/wp-content\/uploads\/2018\/06\/pablo-osow.jpg","jetpack_sharing_enabled":true,"jetpack_shortlink":"https:\/\/wp.me\/p9fihK-1J9","_links":{"self":[{"href":"http:\/\/dsrmedios.com.ar\/diario\/wp-json\/wp\/v2\/posts\/6643"}],"collection":[{"href":"http:\/\/dsrmedios.com.ar\/diario\/wp-json\/wp\/v2\/posts"}],"about":[{"href":"http:\/\/dsrmedios.com.ar\/diario\/wp-json\/wp\/v2\/types\/post"}],"author":[{"embeddable":true,"href":"http:\/\/dsrmedios.com.ar\/diario\/wp-json\/wp\/v2\/users\/5"}],"replies":[{"embeddable":true,"href":"http:\/\/dsrmedios.com.ar\/diario\/wp-json\/wp\/v2\/comments?post=6643"}],"version-history":[{"count":1,"href":"http:\/\/dsrmedios.com.ar\/diario\/wp-json\/wp\/v2\/posts\/6643\/revisions"}],"predecessor-version":[{"id":6645,"href":"http:\/\/dsrmedios.com.ar\/diario\/wp-json\/wp\/v2\/posts\/6643\/revisions\/6645"}],"wp:featuredmedia":[{"embeddable":true,"href":"http:\/\/dsrmedios.com.ar\/diario\/wp-json\/wp\/v2\/media\/6644"}],"wp:attachment":[{"href":"http:\/\/dsrmedios.com.ar\/diario\/wp-json\/wp\/v2\/media?parent=6643"}],"wp:term":[{"taxonomy":"category","embeddable":true,"href":"http:\/\/dsrmedios.com.ar\/diario\/wp-json\/wp\/v2\/categories?post=6643"},{"taxonomy":"post_tag","embeddable":true,"href":"http:\/\/dsrmedios.com.ar\/diario\/wp-json\/wp\/v2\/tags?post=6643"}],"curies":[{"name":"wp","href":"https:\/\/api.w.org\/{rel}","templated":true}]}}