{"id":6640,"date":"2018-06-28T08:21:10","date_gmt":"2018-06-28T11:21:10","guid":{"rendered":"http:\/\/dsrmedios.com.ar\/diario\/?p=6640"},"modified":"2018-06-28T08:21:10","modified_gmt":"2018-06-28T11:21:10","slug":"ctera-anuncio-un-paro-nacional-docente-para-el-proximo-martes-3-de-julio","status":"publish","type":"post","link":"http:\/\/dsrmedios.com.ar\/diario\/archivos\/6640","title":{"rendered":"CTERA anunci\u00f3 un paro nacional docente para el pr\u00f3ximo martes 3 de Julio"},"content":{"rendered":"<p>La Confederaci\u00f3n de los Trabajadores de la Educaci\u00f3n (Ctera) anunci\u00f3 hoy que el pr\u00f3ximo martes 3 de julio llevar\u00e1n adelante un paro nacional docente en reclamo de paritarias y en &#8220;contra de la represi\u00f3n en Chubut&#8221;.<\/p>\n<p>En conferencia de prensa, la secretaria general Sonia Alesso, el secretario general adjunto Roberto Baradel y el secretario gremial Eduardo L\u00f3pez comunicaron la medida.<\/p>\n<p>&#8220;La represi\u00f3n es nuestro l\u00edmite, si tocan a uno nos tocan a todos. Paro nacional para decir no a la represi\u00f3n y no a la violencia&#8221;, indic\u00f3 Alesso.<\/p>\n<p>Ayer la polic\u00eda provincial de Chubut avanz\u00f3 con balas de goma y gas pimienta sobre los docentes que esperaban fuera de la Casa de Gobierno en Rawson el resultado de una reuni\u00f3n que manten\u00edan autoridades por dos cuestiones: paritarias y pase a planta.<\/p>\n<p>Baradel, por su parte, expres\u00f3: &#8220;Si no hay respuestas por parte del Gobierno provincial, convocaremos a Asambleas para resolver el no inicio del ciclo lectivo luego del receso escolar de invierno&#8221;.<\/p>\n<p>Y L\u00f3pez agreg\u00f3: &#8220;Tenemos un l\u00edmite desde siempre, la represi\u00f3n. Nuestra dignidad no se negocia. Seguimos defendiendo las banderas de Carlos, de Stella y de todos nuestros compa\u00f1eros desaparecidos&#8221;.<\/p>\n<p>Ctera es el gremio nacional mayoritario y en provincia de Buenos Aires est\u00e1 representado por Suteba, que ya indic\u00f3 se adherir\u00e1 a la medida. Resta ver qu\u00e9 decisi\u00f3n tomar\u00e1n otras organizaciones como la FEB, que se espera se pronuncie en las pr\u00f3ximas horas.<\/p>\n<p>fuente:www.eldia.com<\/p>\n","protected":false},"excerpt":{"rendered":"<div class=\"mh-excerpt\"><p>La Confederaci\u00f3n de los Trabajadores de la Educaci\u00f3n (Ctera) anunci\u00f3 hoy que el pr\u00f3ximo martes 3 de julio llevar\u00e1n adelante un paro nacional docente en reclamo de paritarias y en &#8220;contra de la represi\u00f3n en Chubut&#8221;. En conferencia de prensa, la secretaria general Sonia Alesso, el secretario general adjunto Roberto Baradel y el secretario gremial Eduardo L\u00f3pez comunicaron la medida. &#8220;La represi\u00f3n es nuestro l\u00edmite, si tocan a uno nos tocan a todos. Paro nacional para decir no a la represi\u00f3n y no a la violencia&#8221;, indic\u00f3 Alesso. Ayer la polic\u00eda provincial de Chubut avanz\u00f3 con balas de goma y <a class=\"mh-excerpt-more\" href=\"http:\/\/dsrmedios.com.ar\/diario\/archivos\/6640\" title=\"CTERA anunci\u00f3 un paro nacional docente para el pr\u00f3ximo martes 3 de Julio\">[Leer m\u00e1s]<\/a><\/p>\n<\/div>","protected":false},"author":5,"featured_media":6641,"comment_status":"open","ping_status":"closed","sticky":false,"template":"","format":"standard","meta":{"_jetpack_newsletter_access":""},"categories":[18,31],"tags":[],"jetpack_featured_media_url":"http:\/\/dsrmedios.com.ar\/diario\/wp-content\/uploads\/2018\/06\/ctera.jpg","jetpack_sharing_enabled":true,"jetpack_shortlink":"https:\/\/wp.me\/p9fihK-1J6","_links":{"self":[{"href":"http:\/\/dsrmedios.com.ar\/diario\/wp-json\/wp\/v2\/posts\/6640"}],"collection":[{"href":"http:\/\/dsrmedios.com.ar\/diario\/wp-json\/wp\/v2\/posts"}],"about":[{"href":"http:\/\/dsrmedios.com.ar\/diario\/wp-json\/wp\/v2\/types\/post"}],"author":[{"embeddable":true,"href":"http:\/\/dsrmedios.com.ar\/diario\/wp-json\/wp\/v2\/users\/5"}],"replies":[{"embeddable":true,"href":"http:\/\/dsrmedios.com.ar\/diario\/wp-json\/wp\/v2\/comments?post=6640"}],"version-history":[{"count":1,"href":"http:\/\/dsrmedios.com.ar\/diario\/wp-json\/wp\/v2\/posts\/6640\/revisions"}],"predecessor-version":[{"id":6642,"href":"http:\/\/dsrmedios.com.ar\/diario\/wp-json\/wp\/v2\/posts\/6640\/revisions\/6642"}],"wp:featuredmedia":[{"embeddable":true,"href":"http:\/\/dsrmedios.com.ar\/diario\/wp-json\/wp\/v2\/media\/6641"}],"wp:attachment":[{"href":"http:\/\/dsrmedios.com.ar\/diario\/wp-json\/wp\/v2\/media?parent=6640"}],"wp:term":[{"taxonomy":"category","embeddable":true,"href":"http:\/\/dsrmedios.com.ar\/diario\/wp-json\/wp\/v2\/categories?post=6640"},{"taxonomy":"post_tag","embeddable":true,"href":"http:\/\/dsrmedios.com.ar\/diario\/wp-json\/wp\/v2\/tags?post=6640"}],"curies":[{"name":"wp","href":"https:\/\/api.w.org\/{rel}","templated":true}]}}