{"id":6629,"date":"2018-06-28T07:05:37","date_gmt":"2018-06-28T10:05:37","guid":{"rendered":"http:\/\/dsrmedios.com.ar\/diario\/?p=6629"},"modified":"2018-06-27T15:56:37","modified_gmt":"2018-06-27T18:56:37","slug":"marua-eugenia-vidal-anuncio-medidas-para-paliar-la-situacion-social","status":"publish","type":"post","link":"http:\/\/dsrmedios.com.ar\/diario\/archivos\/6629","title":{"rendered":"Mar\u00faa Eugenia Vidal anunci\u00f3 medidas para paliar la situaci\u00f3n social"},"content":{"rendered":"<p>La gobernadora de la provincia de Buenos Aires, Mar\u00eda Eugenia Vidal, encabez\u00f3 un acto donde dio a conocer una bater\u00eda de medidas con el objetivo de descomprimir el descontento social que genera la situaci\u00f3n econ\u00f3mica. Mientras reconoci\u00f3 que la inflaci\u00f3n ser\u00e1 mayor a la prevista, anunci\u00f3 el adelanto del aguinaldo junto con subas en la jubilaci\u00f3n m\u00ednima y asignaciones. A su vez, asegur\u00f3 que revisar\u00e1n la pauta salarial acordada con los gremios estatales y adelant\u00f3 que realizar\u00e1n una nueva propuesta a los docentes bonaerenses.<\/p>\n<p>\u201cHoy es el d\u00eda del empleado p\u00fablico as\u00ed que mi felicitaci\u00f3n y agradecimiento a los que hacen su esfuerzo para que podamos mejorar y llevar adelante los cambios profundos que nos propusimos en diciembre de 2015\u201d, se\u00f1al\u00f3 la mandataria.<\/p>\n<p>En ese aspecto, afirm\u00f3 que \u201cestamos en un bache o momento dif\u00edcil, en un camino que estamos convencidos que es el mejor posibles para todos los argentinos y bonaerenses\u201d, y a\u00f1adi\u00f3 que en los pr\u00f3ximos meses atravesaremos momentos dif\u00edciles.<\/p>\n<p>Vidal sostuvo que \u201chemos decidido adelantar el pago medio aguinaldo&#8221;, para &#8220;Que los trabajadores puedan tener su aguinaldo antes que termine el mes\u201d. En ese sentido, se espera que cobren entre el viernes y s\u00e1bado de esta semana. Adem\u00e1s cont\u00f3 que se resolvi\u00f3 el \u201caumento de las asignaciones familiares, no solo con el monto de las 118 mil familias que est\u00e1n vinculadas, sino tambi\u00e9n en topes y tramos. Ya lo hicimos en 2016 y 2017. Ahora hay 8200 trabajadores que hoy empiezan a cobrarlas\u201d.<\/p>\n<p>\u201cHacemos un aumento de las jubilaciones que van a cobrar en los pr\u00f3ximos d\u00edas\u201d, agreg\u00f3.<\/p>\n<p>Ante la creciente inflaci\u00f3n, tarifazos y los salarios que no acompa\u00f1an ese ritmo, la Gobernadora reconoci\u00f3 que \u201cla inflaci\u00f3n va a ser mayor a la prevista, por eso entendemos que tenemos que estar m\u00e1s cerca que nunca. No somos un gobierno que se esconde\u201d.<\/p>\n<p>En cuanto al pedido de los sindicatos para elevar la pauta salarial del 15% en funci\u00f3n de la proyecci\u00f3n de la suba de precios, manifest\u00f3 que \u201clos gremios estatales no docentes que ya acordaron la paritaria, nos han pedido una reuni\u00f3n para revisar lo acordado, y en los pr\u00f3ximos d\u00edas nos vamos a reunir con el Ministro de Econom\u00eda y de Trabajo\u201d.<\/p>\n<p>Sobre el conflicto docente, que todav\u00eda no est\u00e1 resuelto al igual que la situaci\u00f3n de los judiciales junto a m\u00e9dicos y profesionales de la salud, sostuvo que \u201cen julio, despu\u00e9s de esta reuni\u00f3n con los gremios estatales no docentes, vamos a volver a convocar a los docentes para hacer nuestra novena propuesta&#8221;.<\/p>\n<p>\u201cAun en el caso que no lleguemos a un acuerdo vamos a seguir haciendo adelantos a cuenta\u201d, indic\u00f3.<\/p>\n<p>Por \u00faltimo, resalt\u00f3 que \u201cen los pr\u00f3ximos d\u00edas vamos a anunciar para acompa\u00f1ar a las personas m\u00e1s vulnerables en la provincia\u201d.<\/p>\n<p>El paquete dado a conocer por Mar\u00eda Eugenia Vidal, adem\u00e1s de mostrar preocupaci\u00f3n por los meses que se avecinan para el bolsillo de la poblaci\u00f3n, se desarroll\u00f3 en el marco de una ca\u00eda de su popularidad, al punto que su imagen positiva se emparej\u00f3 con la negativa.<\/p>\n<p>fuente.www,infocielo.com<\/p>\n","protected":false},"excerpt":{"rendered":"<div class=\"mh-excerpt\"><p>La gobernadora de la provincia de Buenos Aires, Mar\u00eda Eugenia Vidal, encabez\u00f3 un acto donde dio a conocer una bater\u00eda de medidas con el objetivo de descomprimir el descontento social que genera la situaci\u00f3n econ\u00f3mica. Mientras reconoci\u00f3 que la inflaci\u00f3n ser\u00e1 mayor a la prevista, anunci\u00f3 el adelanto del aguinaldo junto con subas en la jubilaci\u00f3n m\u00ednima y asignaciones. A su vez, asegur\u00f3 que revisar\u00e1n la pauta salarial acordada con los gremios estatales y adelant\u00f3 que realizar\u00e1n una nueva propuesta a los docentes bonaerenses. \u201cHoy es el d\u00eda del empleado p\u00fablico as\u00ed que mi felicitaci\u00f3n y agradecimiento a los que <a class=\"mh-excerpt-more\" href=\"http:\/\/dsrmedios.com.ar\/diario\/archivos\/6629\" title=\"Mar\u00faa Eugenia Vidal anunci\u00f3 medidas para paliar la situaci\u00f3n social\">[Leer m\u00e1s]<\/a><\/p>\n<\/div>","protected":false},"author":5,"featured_media":3672,"comment_status":"open","ping_status":"closed","sticky":false,"template":"","format":"standard","meta":{"_jetpack_newsletter_access":""},"categories":[18,7],"tags":[],"jetpack_featured_media_url":"http:\/\/dsrmedios.com.ar\/diario\/wp-content\/uploads\/2018\/01\/vidal.jpg","jetpack_sharing_enabled":true,"jetpack_shortlink":"https:\/\/wp.me\/p9fihK-1IV","_links":{"self":[{"href":"http:\/\/dsrmedios.com.ar\/diario\/wp-json\/wp\/v2\/posts\/6629"}],"collection":[{"href":"http:\/\/dsrmedios.com.ar\/diario\/wp-json\/wp\/v2\/posts"}],"about":[{"href":"http:\/\/dsrmedios.com.ar\/diario\/wp-json\/wp\/v2\/types\/post"}],"author":[{"embeddable":true,"href":"http:\/\/dsrmedios.com.ar\/diario\/wp-json\/wp\/v2\/users\/5"}],"replies":[{"embeddable":true,"href":"http:\/\/dsrmedios.com.ar\/diario\/wp-json\/wp\/v2\/comments?post=6629"}],"version-history":[{"count":1,"href":"http:\/\/dsrmedios.com.ar\/diario\/wp-json\/wp\/v2\/posts\/6629\/revisions"}],"predecessor-version":[{"id":6630,"href":"http:\/\/dsrmedios.com.ar\/diario\/wp-json\/wp\/v2\/posts\/6629\/revisions\/6630"}],"wp:featuredmedia":[{"embeddable":true,"href":"http:\/\/dsrmedios.com.ar\/diario\/wp-json\/wp\/v2\/media\/3672"}],"wp:attachment":[{"href":"http:\/\/dsrmedios.com.ar\/diario\/wp-json\/wp\/v2\/media?parent=6629"}],"wp:term":[{"taxonomy":"category","embeddable":true,"href":"http:\/\/dsrmedios.com.ar\/diario\/wp-json\/wp\/v2\/categories?post=6629"},{"taxonomy":"post_tag","embeddable":true,"href":"http:\/\/dsrmedios.com.ar\/diario\/wp-json\/wp\/v2\/tags?post=6629"}],"curies":[{"name":"wp","href":"https:\/\/api.w.org\/{rel}","templated":true}]}}