{"id":6552,"date":"2018-06-25T07:07:59","date_gmt":"2018-06-25T10:07:59","guid":{"rendered":"http:\/\/dsrmedios.com.ar\/diario\/?p=6552"},"modified":"2018-06-24T19:10:48","modified_gmt":"2018-06-24T22:10:48","slug":"el-frente-gremial-docente-comienza-un-nuevo-paro-este-lunes-y-prometen-volver-a-parar-despues-de-las-vacaciones","status":"publish","type":"post","link":"http:\/\/dsrmedios.com.ar\/diario\/archivos\/6552","title":{"rendered":"El frente gremial docente comienza un nuevo paro este lunes y prometen volver a parar despu\u00e9s de las vacaciones"},"content":{"rendered":"<p>El secretario general del SUTEBA, Roberto Baradel, se refiri\u00f3 al paro general del pr\u00f3ximo lunes, a la vez que esboz\u00f3 un crudo diagn\u00f3stico de la gesti\u00f3n de Mar\u00eda Eugenia Vidal en la provincia de Buenos Aires.<\/p>\n<p>&#8220;El lunes va a ser una demostraci\u00f3n contundente del conjunto de los trabajadores&#8221;, presagi\u00f3 Baradel, en la v\u00edspera de la huelga general convocada por la CGT contra el rumbo econ\u00f3mico del Gobierno nacional.<\/p>\n<p>Asimismo, se mostr\u00f3 sumamente cr\u00edtico de la administraci\u00f3n bonaerense, al demandar mayor &#8220;presupuesto para que haya inclusi\u00f3n social&#8221;.<\/p>\n<p>En el \u00e1mbito provincial, persiste la tensi\u00f3n entre maestros y docentes, despu\u00e9s de m\u00e1s de cinco meses de conflicto.<\/p>\n<p>&#8220;Siguen recortando y poniendo techo a paritarias&#8221;, advirti\u00f3, al tiempo que denuncio un intento oficial para &#8220;quitarles a las escuelas los Equipos de Orientaci\u00f3n Escolar&#8221;.<\/p>\n<p>Con miras a la discusi\u00f3n salarial, le envi\u00f3 un mensaje a la mandataria provincial. &#8220;Esperamos que la gobernadora act\u00fae con responsabilidad y nos convoque&#8221;, expres\u00f3.<\/p>\n<p>Y complet\u00f3: &#8220;Si no lo hace, vamos a convocar a asambleas y profundizaremos las medidas en miras del inicio del ciclo lectivo tras el receso de invierno&#8221;.<\/p>\n<p>Fuente:www.andigital.com<\/p>\n","protected":false},"excerpt":{"rendered":"<div class=\"mh-excerpt\"><p>El secretario general del SUTEBA, Roberto Baradel, se refiri\u00f3 al paro general del pr\u00f3ximo lunes, a la vez que esboz\u00f3 un crudo diagn\u00f3stico de la gesti\u00f3n de Mar\u00eda Eugenia Vidal en la provincia de Buenos Aires. &#8220;El lunes va a ser una demostraci\u00f3n contundente del conjunto de los trabajadores&#8221;, presagi\u00f3 Baradel, en la v\u00edspera de la huelga general convocada por la CGT contra el rumbo econ\u00f3mico del Gobierno nacional. Asimismo, se mostr\u00f3 sumamente cr\u00edtico de la administraci\u00f3n bonaerense, al demandar mayor &#8220;presupuesto para que haya inclusi\u00f3n social&#8221;. En el \u00e1mbito provincial, persiste la tensi\u00f3n entre maestros y docentes, despu\u00e9s de <a class=\"mh-excerpt-more\" href=\"http:\/\/dsrmedios.com.ar\/diario\/archivos\/6552\" title=\"El frente gremial docente comienza un nuevo paro este lunes y prometen volver a parar despu\u00e9s de las vacaciones\">[Leer m\u00e1s]<\/a><\/p>\n<\/div>","protected":false},"author":5,"featured_media":3700,"comment_status":"open","ping_status":"closed","sticky":false,"template":"","format":"standard","meta":{"_jetpack_newsletter_access":""},"categories":[18,7],"tags":[],"jetpack_featured_media_url":"http:\/\/dsrmedios.com.ar\/diario\/wp-content\/uploads\/2018\/01\/baradel_7.jpg","jetpack_sharing_enabled":true,"jetpack_shortlink":"https:\/\/wp.me\/p9fihK-1HG","_links":{"self":[{"href":"http:\/\/dsrmedios.com.ar\/diario\/wp-json\/wp\/v2\/posts\/6552"}],"collection":[{"href":"http:\/\/dsrmedios.com.ar\/diario\/wp-json\/wp\/v2\/posts"}],"about":[{"href":"http:\/\/dsrmedios.com.ar\/diario\/wp-json\/wp\/v2\/types\/post"}],"author":[{"embeddable":true,"href":"http:\/\/dsrmedios.com.ar\/diario\/wp-json\/wp\/v2\/users\/5"}],"replies":[{"embeddable":true,"href":"http:\/\/dsrmedios.com.ar\/diario\/wp-json\/wp\/v2\/comments?post=6552"}],"version-history":[{"count":1,"href":"http:\/\/dsrmedios.com.ar\/diario\/wp-json\/wp\/v2\/posts\/6552\/revisions"}],"predecessor-version":[{"id":6553,"href":"http:\/\/dsrmedios.com.ar\/diario\/wp-json\/wp\/v2\/posts\/6552\/revisions\/6553"}],"wp:featuredmedia":[{"embeddable":true,"href":"http:\/\/dsrmedios.com.ar\/diario\/wp-json\/wp\/v2\/media\/3700"}],"wp:attachment":[{"href":"http:\/\/dsrmedios.com.ar\/diario\/wp-json\/wp\/v2\/media?parent=6552"}],"wp:term":[{"taxonomy":"category","embeddable":true,"href":"http:\/\/dsrmedios.com.ar\/diario\/wp-json\/wp\/v2\/categories?post=6552"},{"taxonomy":"post_tag","embeddable":true,"href":"http:\/\/dsrmedios.com.ar\/diario\/wp-json\/wp\/v2\/tags?post=6552"}],"curies":[{"name":"wp","href":"https:\/\/api.w.org\/{rel}","templated":true}]}}