{"id":6547,"date":"2018-06-25T07:04:21","date_gmt":"2018-06-25T10:04:21","guid":{"rendered":"http:\/\/dsrmedios.com.ar\/diario\/?p=6547"},"modified":"2018-06-24T18:51:35","modified_gmt":"2018-06-24T21:51:35","slug":"impulsan-proyecto-de-ley-para-que-todos-los-bomberos-voluntarios-del-pais-tengan-art","status":"publish","type":"post","link":"http:\/\/dsrmedios.com.ar\/diario\/archivos\/6547","title":{"rendered":"Impulsan proyecto de ley para que todos los bomberos voluntarios del pa\u00eds tengan ART"},"content":{"rendered":"<p>El reclamo de una ART para los integrantes de bomberos voluntarios de todo el pa\u00eds, se constituye en un hecho in\u00e9dito, merced a que actualmente los \u00fanicos que tienen un \u201cfondo federativo\u201d, son los cuarteles que integran la Federaci\u00f3n del sur de provincia de Buenos Aires.<\/p>\n<p>La idea, que surgi\u00f3 de la senadora nacional Mar\u00eda Magdalena Odarda (Frente Progresista), quien evalu\u00f3 esta cobertura para afrontar la realidad de cada siniestro a los que acuden los bomberos y los m\u00faltiples accidentes de los que pueden ser v\u00edctimas.<\/p>\n<p>El presidente de la comisi\u00f3n directiva de Bomberos Voluntarios de Coronel Pringles, Jorge Zweedyk, se\u00f1al\u00f3 que \u201clos bomberos estaban bastante desprotegidos, lo \u00fanico que hay en este momento, pero s\u00f3lo lo tienen los cuerpos de nuestra federaci\u00f3n, es un fondo federativo; una especie de seguro, pero solo hecho para los 170 cuarteles que integran la federaci\u00f3n, el resto del pa\u00eds no tiene nada\u201d.<\/p>\n<p>Seg\u00fan precis\u00f3, el pedido de una ART para los bomberos voluntarios aportar\u00eda a todos los cuerpos la protecci\u00f3n de una aseguradora de riesgos de trabajo como poseen otros trabajadores.<\/p>\n<p>Al principio la iniciativa \u201ctuvo muchos problemas porque los bomberos no lo aceptaban; la resistencia se basaba en que inicialmente el proyecto se presentaba como ART para empresa y los bomberos no tienen empleados ni empleadores; era inviable\u201d, explic\u00f3 Zweedyk.<\/p>\n<p>\u201cIncluso hab\u00eda varias exigencias de las ART que no se pod\u00edan cumplir, por ejemplo: los veh\u00edculos que deben ser con un m\u00e1ximo de antig\u00fcedad y kilometraje. Los bomberos tienen veh\u00edculos viejos pero en muy buenas condiciones mec\u00e1nicas, sin embargo ser\u00edan rechazados\u201d, complet\u00f3.<\/p>\n<p>En vista de esta situaci\u00f3n, los dirigentes de la Federaci\u00f3n del sur bonaerense, retocaron el proyecto de Odarda con la colaboraci\u00f3n del senador nacional Juan Carlos Marino (UCR), modificaci\u00f3n que tuvo muy buena aceptaci\u00f3n en todos los bloques del senado nacional.<\/p>\n<p>\u201cMarino convoc\u00f3 al presidente de la federaci\u00f3n a la que pertenecemos y nos pidi\u00f3 que baj\u00e1ramos el proyecto a cada una de nuestras comunidades para que fuera avalado por cada uno de los concejos deliberantes, y de ese modo, ir con m\u00e1s fuerza a su tratamiento\u201d, agreg\u00f3 Zweedyk.<\/p>\n<p>Para finalizar, el presidente de la Comisi\u00f3n Directiva de Bomberos pringlenses se mostr\u00f3 optimista respecto a la concreci\u00f3n del proyecto en el Senado de la Naci\u00f3n.<\/p>\n<p>\u201cCreemos que esta ley es una manera de resguardar a los bomberos, que forman parte de esos temas que a veces no se ven. Creo que el resultado va a ser positivo\u201d, expres\u00f3.<\/p>\n<p>Fuente:www.andigital.com<\/p>\n","protected":false},"excerpt":{"rendered":"<div class=\"mh-excerpt\"><p>El reclamo de una ART para los integrantes de bomberos voluntarios de todo el pa\u00eds, se constituye en un hecho in\u00e9dito, merced a que actualmente los \u00fanicos que tienen un \u201cfondo federativo\u201d, son los cuarteles que integran la Federaci\u00f3n del sur de provincia de Buenos Aires. La idea, que surgi\u00f3 de la senadora nacional Mar\u00eda Magdalena Odarda (Frente Progresista), quien evalu\u00f3 esta cobertura para afrontar la realidad de cada siniestro a los que acuden los bomberos y los m\u00faltiples accidentes de los que pueden ser v\u00edctimas. El presidente de la comisi\u00f3n directiva de Bomberos Voluntarios de Coronel Pringles, Jorge Zweedyk, <a class=\"mh-excerpt-more\" href=\"http:\/\/dsrmedios.com.ar\/diario\/archivos\/6547\" title=\"Impulsan proyecto de ley para que todos los bomberos voluntarios del pa\u00eds tengan ART\">[Leer m\u00e1s]<\/a><\/p>\n<\/div>","protected":false},"author":5,"featured_media":4267,"comment_status":"open","ping_status":"closed","sticky":false,"template":"","format":"standard","meta":{"_jetpack_newsletter_access":""},"categories":[18,7],"tags":[],"jetpack_featured_media_url":"http:\/\/dsrmedios.com.ar\/diario\/wp-content\/uploads\/2018\/02\/bomberos.jpg","jetpack_sharing_enabled":true,"jetpack_shortlink":"https:\/\/wp.me\/p9fihK-1HB","_links":{"self":[{"href":"http:\/\/dsrmedios.com.ar\/diario\/wp-json\/wp\/v2\/posts\/6547"}],"collection":[{"href":"http:\/\/dsrmedios.com.ar\/diario\/wp-json\/wp\/v2\/posts"}],"about":[{"href":"http:\/\/dsrmedios.com.ar\/diario\/wp-json\/wp\/v2\/types\/post"}],"author":[{"embeddable":true,"href":"http:\/\/dsrmedios.com.ar\/diario\/wp-json\/wp\/v2\/users\/5"}],"replies":[{"embeddable":true,"href":"http:\/\/dsrmedios.com.ar\/diario\/wp-json\/wp\/v2\/comments?post=6547"}],"version-history":[{"count":1,"href":"http:\/\/dsrmedios.com.ar\/diario\/wp-json\/wp\/v2\/posts\/6547\/revisions"}],"predecessor-version":[{"id":6548,"href":"http:\/\/dsrmedios.com.ar\/diario\/wp-json\/wp\/v2\/posts\/6547\/revisions\/6548"}],"wp:featuredmedia":[{"embeddable":true,"href":"http:\/\/dsrmedios.com.ar\/diario\/wp-json\/wp\/v2\/media\/4267"}],"wp:attachment":[{"href":"http:\/\/dsrmedios.com.ar\/diario\/wp-json\/wp\/v2\/media?parent=6547"}],"wp:term":[{"taxonomy":"category","embeddable":true,"href":"http:\/\/dsrmedios.com.ar\/diario\/wp-json\/wp\/v2\/categories?post=6547"},{"taxonomy":"post_tag","embeddable":true,"href":"http:\/\/dsrmedios.com.ar\/diario\/wp-json\/wp\/v2\/tags?post=6547"}],"curies":[{"name":"wp","href":"https:\/\/api.w.org\/{rel}","templated":true}]}}