{"id":6532,"date":"2018-06-25T07:01:19","date_gmt":"2018-06-25T10:01:19","guid":{"rendered":"http:\/\/dsrmedios.com.ar\/diario\/?p=6532"},"modified":"2018-06-23T17:22:16","modified_gmt":"2018-06-23T20:22:16","slug":"rivera-cumplio-un-sueno-con-esfuerzo-y-alegria-fue-sede-de-un-torneo-de-voley-regional","status":"publish","type":"post","link":"http:\/\/dsrmedios.com.ar\/diario\/archivos\/6532","title":{"rendered":"Rivera cumpli\u00f3 un sue\u00f1o con esfuerzo y alegr\u00eda fue sede de un torneo de Voley regional"},"content":{"rendered":"<p>Por primera vez la localidad de Rivera fue sede local en el Campeonato organizado por la Asociaci\u00f3n del Voley del Sudoeste Bonaerense.<br \/>\nUn gran paso que fue posible gracias a la mejora de las canchas realizada en conjunto por la comunidad y el Municipio: se acomod\u00f3 el piso, se pusieron palos reglamentarios, redes, se pint\u00f3 y se arm\u00f3 lugar para dos canchas. Desde las 9hs se vivi\u00f3 una jornada deportiva excelente con los equipos Sub 13 y sub 17 dirigidos por Pablo Tieri.<\/p>\n","protected":false},"excerpt":{"rendered":"<div class=\"mh-excerpt\"><p>Por primera vez la localidad de Rivera fue sede local en el Campeonato organizado por la Asociaci\u00f3n del Voley del Sudoeste Bonaerense. Un gran paso que fue posible gracias a la mejora de las canchas realizada en conjunto por la comunidad y el Municipio: se acomod\u00f3 el piso, se pusieron palos reglamentarios, redes, se pint\u00f3 y se arm\u00f3 lugar para dos canchas. Desde las 9hs se vivi\u00f3 una jornada deportiva excelente con los equipos Sub 13 y sub 17 dirigidos por Pablo Tieri.<\/p>\n<\/div>","protected":false},"author":5,"featured_media":6533,"comment_status":"open","ping_status":"closed","sticky":false,"template":"","format":"standard","meta":{"_jetpack_newsletter_access":""},"categories":[18,31],"tags":[],"jetpack_featured_media_url":"http:\/\/dsrmedios.com.ar\/diario\/wp-content\/uploads\/2018\/06\/voleyrivera.jpg","jetpack_sharing_enabled":true,"jetpack_shortlink":"https:\/\/wp.me\/p9fihK-1Hm","_links":{"self":[{"href":"http:\/\/dsrmedios.com.ar\/diario\/wp-json\/wp\/v2\/posts\/6532"}],"collection":[{"href":"http:\/\/dsrmedios.com.ar\/diario\/wp-json\/wp\/v2\/posts"}],"about":[{"href":"http:\/\/dsrmedios.com.ar\/diario\/wp-json\/wp\/v2\/types\/post"}],"author":[{"embeddable":true,"href":"http:\/\/dsrmedios.com.ar\/diario\/wp-json\/wp\/v2\/users\/5"}],"replies":[{"embeddable":true,"href":"http:\/\/dsrmedios.com.ar\/diario\/wp-json\/wp\/v2\/comments?post=6532"}],"version-history":[{"count":1,"href":"http:\/\/dsrmedios.com.ar\/diario\/wp-json\/wp\/v2\/posts\/6532\/revisions"}],"predecessor-version":[{"id":6534,"href":"http:\/\/dsrmedios.com.ar\/diario\/wp-json\/wp\/v2\/posts\/6532\/revisions\/6534"}],"wp:featuredmedia":[{"embeddable":true,"href":"http:\/\/dsrmedios.com.ar\/diario\/wp-json\/wp\/v2\/media\/6533"}],"wp:attachment":[{"href":"http:\/\/dsrmedios.com.ar\/diario\/wp-json\/wp\/v2\/media?parent=6532"}],"wp:term":[{"taxonomy":"category","embeddable":true,"href":"http:\/\/dsrmedios.com.ar\/diario\/wp-json\/wp\/v2\/categories?post=6532"},{"taxonomy":"post_tag","embeddable":true,"href":"http:\/\/dsrmedios.com.ar\/diario\/wp-json\/wp\/v2\/tags?post=6532"}],"curies":[{"name":"wp","href":"https:\/\/api.w.org\/{rel}","templated":true}]}}