{"id":6524,"date":"2018-06-25T07:03:43","date_gmt":"2018-06-25T10:03:43","guid":{"rendered":"http:\/\/dsrmedios.com.ar\/diario\/?p=6524"},"modified":"2018-06-22T17:08:05","modified_gmt":"2018-06-22T20:08:05","slug":"la-primera-tribuna-techada-de-la-argentina","status":"publish","type":"post","link":"http:\/\/dsrmedios.com.ar\/diario\/archivos\/6524","title":{"rendered":"La primera tribuna techada de la Argentina"},"content":{"rendered":"<p><strong>Por el Licenciado Gast\u00f2n Partarrieu &#8211; Director del Museo Regional Adolfo Alsina<\/strong><\/p>\n<p>Cierto d\u00eda de los a\u00f1os 90, Rodolfo Visco, el tachero memorioso, aficionado a la estad\u00edstica deportiva y que participaba en un programa de Victor Hugo Morales dio el dato de que la primera tribuna techada de Argentina, y posiblemente de Sudam\u00e9rica, estaba en un pueblito llamado Arano, cercando a Rivera, en el Partido de Adolfo Alsina. Si bien es dif\u00edcil de comprobar, mientras no exista un dato que diga lo contrario, esta es la tribuna cubierta conocida m\u00e1s antigua.<br \/>\nLa tribuna la hizo construir Blas Arano, aficionado a los deportes, en especial el football y Pelota Paleta. Apodado \u201cEl Kaiser\u201d fue el fundador del Arano Football Club.<br \/>\nFue erigida alrededor de 1918 para que la familias Arano y sus invitados puedan resguardarse durante los \u201cmatchs\u201d en los d\u00edas de agobiante calor o inclemente frio. Consta de dos sectores a sus costados, posiblemente para los bancos de suplentes o palcos para autoridades seg\u00fan la ocasi\u00f3n. Detr\u00e1s del sector de gradas, se levantan dos vestuarios y uno central para los \u00e1rbitros, todos intercomunicados. En la parte superior y con un ingreso por las gradas, se levant\u00f3 una secretar\u00eda para el Arano F. Club.<br \/>\nEn 2007, en ocasi\u00f3n de los festejos del Centenario del pueblo Arano, la vieja tribuna fue puesta en valor y declarada \u201cMonumento Arquitect\u00f3nico Municipal\u201d (Ord-N\u00ba3133-2007).<\/p>\n<p>PUEBLO ARANO<\/p>\n<p>Hacia 1904 don Ram\u00f3n Arano adquiere un lote de 10.000ha en donde funcionaba el establecimiento \u201cLas Calaveras\u201d. El joven Ram\u00f3n Arano y Huarte hab\u00eda arribado en 1862 a Argentina habiendo partido desde su Pamplona natal.<\/p>\n<p>En 1906 vendi\u00f3 a la Compa\u00f1\u00eda del Ferrocarril de Buenos Aires y Nord Oeste cuatro hect\u00e1reas para estaci\u00f3n ante el proyecto de la L\u00ednea Nueva Roma A Huica Renanc\u00f3. Un a\u00f1o m\u00e1s tarde (15-4-1907) se libraba dicha estaci\u00f3n al servicio. La estaci\u00f3n se denomin\u00f3 Estaci\u00f3n Malabia (km 186,107 del ramal Nueva Roma a Catril\u00f3, por la Empresa Ferrocarril Buenos Aires al Pac\u00edfico, Secci\u00f3n Bah\u00eda Blanca y Noroeste) en homenaje al Doctor Jos\u00e9 Severo Feliciano Malabia (1787-1849), Congresal en l816.<\/p>\n<p>Don Arano desde la compra de la Estancia, se dedic\u00f3 a convertir ese campo en una empresa productiva, por ello plant\u00f3 alrededor de 2 millones de varas de \u00e1lamos como manera de fijar los enormes m\u00e9danos de dicha zona, lindera al Territorio Nacional de La Pampa. A\u00f1os despu\u00e9s nacer\u00edan Aserraderos para su explotaci\u00f3n, dando trabajo a muchas familias. Sin embargo la producci\u00f3n l\u00e1ctea y su industrializaci\u00f3n as\u00ed como la explotaci\u00f3n ganadera ser\u00edan el distintivo de los Arano.<\/p>\n<p>Inmediatamente abierta la Estaci\u00f3n, uno de sus hijos, Mart\u00edn E. Arano en representaci\u00f3n de su padre, se dirige al Ministerio de Obras P\u00fablicas solicitando la aprobaci\u00f3n de los planos de un pueblo y colonia sobre la Estaci\u00f3n Malabia, el cual por Resoluci\u00f3n fue aprobado, debiendo escriturarse las reservas para uso p\u00fablico, en car\u00e1cter de donaci\u00f3n (espacios para escuela, cementerio, plaza, matadero, etc.)<br \/>\nEn 1909 se vuelven a dirigir al Gobierno ofreciendo en donaci\u00f3n las tierras que a\u00fan no hab\u00edan sido pagadas por el Ferrocarril, a cambio de lograr bautizar \u201cRam\u00f3n Arano\u201d a la Estac Malabia. Desde ese a\u00f1o pasa a denominarse as\u00ed.<\/p>\n<p><a href=\"http:\/\/dsrmedios.com.ar\/diario\/wp-content\/uploads\/2018\/06\/tribuna2.jpg\"><img decoding=\"async\" loading=\"lazy\" class=\"aligncenter  wp-image-6526\" src=\"http:\/\/dsrmedios.com.ar\/diario\/wp-content\/uploads\/2018\/06\/tribuna2-300x159.jpg\" alt=\"\" width=\"713\" height=\"378\" srcset=\"http:\/\/dsrmedios.com.ar\/diario\/wp-content\/uploads\/2018\/06\/tribuna2-300x159.jpg 300w, http:\/\/dsrmedios.com.ar\/diario\/wp-content\/uploads\/2018\/06\/tribuna2-768x407.jpg 768w, http:\/\/dsrmedios.com.ar\/diario\/wp-content\/uploads\/2018\/06\/tribuna2-1024x543.jpg 1024w, http:\/\/dsrmedios.com.ar\/diario\/wp-content\/uploads\/2018\/06\/tribuna2.jpg 2021w\" sizes=\"(max-width: 713px) 100vw, 713px\" \/><\/a><\/p>\n<p>En 1912, ante el crecimiento de la explotaci\u00f3n de la estancia y la radicaci\u00f3n de familias, se abre la escuela N\u00ba 4 que hab\u00eda sido fundada en 1889 en la zona rural de Carhu\u00e9.<\/p>\n<p>El paraje continu\u00f3 un interesante crecimiento. En 1921 El P.E. luego de haber solicitado en varias oportunidades su presentaci\u00f3n, resolvi\u00f3 desaprobar los planos del pueblo Arano y dejar sin efecto todo lo actuado ante la no presentaci\u00f3n de los requerimientos oficiales.<br \/>\nSin embargo el pueblo Arano ya contaba con casi trescientos habitantes, escuela, hotel y comercios funcionando, no pudiendo un papel (Resoluci\u00f3n del P.E.) desconocer lo existente a la fecha.<\/p>\n<p>Es reci\u00e9n en 1930 cuando se realiza la divisi\u00f3n en lotes para chacras en la periferia del loteo Arano, denominando a este fraccionamiento &#8220;Establecimiento Colonia El Venado&#8221;. Era parte de lo estipulado en 1907 y desaprobado en 1921.<\/p>\n<p>Para 1939 el pueblo de Arano y su zona de chacras contaba con 580 habitantes; un Correo y Estafeta, El \u201cArano Foot Ball Club\u201d y la Escuela Provincial N\u00ba 4.<br \/>\n2 Aserraderos (Salgado y Casiet).<br \/>\n4 F\u00e1bricas de manteca y queso (Rufino Ayape, Viuda e Hijos de Faure, Elias N. Iraola y Lucio)<br \/>\n1 Hotel \u201cHotel Arano\u201d.<br \/>\n1 Surtidor de nafta Y.P.F a carg\u00f3 de Ram\u00f3n Arano.<br \/>\n1 peluquer\u00eda (Antonio Caball\u00e9).<br \/>\n1 Cancha de Pelota Paleta.<br \/>\n9 establecimientos tamberos.<br \/>\nEn esos a\u00f1os finales de la d\u00e9cada del 30 y ppios de los 40, la situaci\u00f3n econ\u00f3mica de los Arano, quienes hab\u00edan apostado a la ganader\u00eda con la finalidad de vender a los Aliados durante la pre guerra, se fue complejizando debido a las enormes sumas de dinero tomado mediante fabulosos cr\u00e9ditos. Sus descendientes relatan que llegaron a tener casi 90 mil cabezas de ganado. En 1939 el intendente de Adolfo Alsina, Dn Juan Marcalain(1936-1940) administraba la estancia y estaba en fuertes tratativas de adquirir \u201cLas Calaveras\u201d dada su situaci\u00f3n hipotecaria y sus altos contactos pol\u00edticos.<br \/>\nDesde 1943 la Estancia Las Calaveras form\u00f3 parte de la f\u00e1brica Quelac S.A, empresa pionera fundada alrededor de 1913 por Don Francisco Huber (1883-1963). Su marca comercial eran los quesos \u201cLa Bavaria\u201d y luego tambi\u00e9n los quesitos \u201cAdler\u201d.<br \/>\nUna gu\u00eda comercial del Ferrocarril de 1947 nos dice que 250 personas viv\u00edan entonces en el pueblo Arano.<\/p>\n","protected":false},"excerpt":{"rendered":"<div class=\"mh-excerpt\"><p>Por el Licenciado Gast\u00f2n Partarrieu &#8211; Director del Museo Regional Adolfo Alsina Cierto d\u00eda de los a\u00f1os 90, Rodolfo Visco, el tachero memorioso, aficionado a la estad\u00edstica deportiva y que participaba en un programa de Victor Hugo Morales dio el dato de que la primera tribuna techada de Argentina, y posiblemente de Sudam\u00e9rica, estaba en un pueblito llamado Arano, cercando a Rivera, en el Partido de Adolfo Alsina. Si bien es dif\u00edcil de comprobar, mientras no exista un dato que diga lo contrario, esta es la tribuna cubierta conocida m\u00e1s antigua. La tribuna la hizo construir Blas Arano, aficionado a <a class=\"mh-excerpt-more\" href=\"http:\/\/dsrmedios.com.ar\/diario\/archivos\/6524\" title=\"La primera tribuna techada de la Argentina\">[Leer m\u00e1s]<\/a><\/p>\n<\/div>","protected":false},"author":5,"featured_media":6525,"comment_status":"open","ping_status":"closed","sticky":false,"template":"","format":"standard","meta":{"_jetpack_newsletter_access":""},"categories":[1],"tags":[],"jetpack_featured_media_url":"http:\/\/dsrmedios.com.ar\/diario\/wp-content\/uploads\/2018\/06\/tribuna-3.jpg","jetpack_sharing_enabled":true,"jetpack_shortlink":"https:\/\/wp.me\/p9fihK-1He","_links":{"self":[{"href":"http:\/\/dsrmedios.com.ar\/diario\/wp-json\/wp\/v2\/posts\/6524"}],"collection":[{"href":"http:\/\/dsrmedios.com.ar\/diario\/wp-json\/wp\/v2\/posts"}],"about":[{"href":"http:\/\/dsrmedios.com.ar\/diario\/wp-json\/wp\/v2\/types\/post"}],"author":[{"embeddable":true,"href":"http:\/\/dsrmedios.com.ar\/diario\/wp-json\/wp\/v2\/users\/5"}],"replies":[{"embeddable":true,"href":"http:\/\/dsrmedios.com.ar\/diario\/wp-json\/wp\/v2\/comments?post=6524"}],"version-history":[{"count":1,"href":"http:\/\/dsrmedios.com.ar\/diario\/wp-json\/wp\/v2\/posts\/6524\/revisions"}],"predecessor-version":[{"id":6527,"href":"http:\/\/dsrmedios.com.ar\/diario\/wp-json\/wp\/v2\/posts\/6524\/revisions\/6527"}],"wp:featuredmedia":[{"embeddable":true,"href":"http:\/\/dsrmedios.com.ar\/diario\/wp-json\/wp\/v2\/media\/6525"}],"wp:attachment":[{"href":"http:\/\/dsrmedios.com.ar\/diario\/wp-json\/wp\/v2\/media?parent=6524"}],"wp:term":[{"taxonomy":"category","embeddable":true,"href":"http:\/\/dsrmedios.com.ar\/diario\/wp-json\/wp\/v2\/categories?post=6524"},{"taxonomy":"post_tag","embeddable":true,"href":"http:\/\/dsrmedios.com.ar\/diario\/wp-json\/wp\/v2\/tags?post=6524"}],"curies":[{"name":"wp","href":"https:\/\/api.w.org\/{rel}","templated":true}]}}