{"id":6512,"date":"2018-06-22T08:49:04","date_gmt":"2018-06-22T11:49:04","guid":{"rendered":"http:\/\/dsrmedios.com.ar\/diario\/?p=6512"},"modified":"2018-06-22T08:49:04","modified_gmt":"2018-06-22T11:49:04","slug":"se-establecio-el-regimen-de-retiro-voluntario-para-trabajadores-de-la-docencia","status":"publish","type":"post","link":"http:\/\/dsrmedios.com.ar\/diario\/archivos\/6512","title":{"rendered":"Se estableci\u00f3 el r\u00e9gimen de retiro voluntario para trabajadores de la docencia"},"content":{"rendered":"<p>La Direcci\u00f3n General de Cultura y Educaci\u00f3n bonaerense adhiri\u00f3 este jueves al Decreto 465 del gobierno provincial por el cual se estableci\u00f3 el r\u00e9gimen de retiro voluntario optativo para los agentes de planta permanente con estabilidad del Poder Ejecutivo provincial, organismos de la administraci\u00f3n centralizada, desconcentrada y descentralizada, empresas del Estado provincial y entes aut\u00e1rquicos.<\/p>\n<p>As\u00ed lo dispone la resoluci\u00f3n 1665 publicada en el Bolet\u00edn Oficial que lleva las firmas del ministro de Educaci\u00f3n, Gabriel S\u00e1nchez Zinny, entre otros funcionarios del \u00e1rea.<\/p>\n<p>El Decreto 465 del gobierno bonaerense, con fecha 24 de mayo y publicado en el Bolet\u00edn Oficial el 8 de junio, dispon\u00eda abrir los retiros voluntarios para empleados de planta permanente del Poder Ejecutivo, organismos de la administraci\u00f3n centralizada, desconcentrada y descentralizada.<\/p>\n<p>All\u00ed se establec\u00eda que pueden optar por el retiro voluntario todos aquellos agentes que registren una antig\u00fcedad de dos a\u00f1os o m\u00e1s e inferior a los 24 a\u00f1os en la administraci\u00f3n p\u00fablica provincial y le faltaren m\u00e1s de cinco a\u00f1os para obtener la jubilaci\u00f3n.<\/p>\n<p>No obstante, el decreto firmado por la gobernadora Mar\u00eda Eugenia Vidal dejaba afuera a los agentes de la Polic\u00eda, a los del Servicio Penitenciario y a los empleados de la cartera de Educaci\u00f3n.<\/p>\n<p>fuente:www.aninoticias.com<\/p>\n","protected":false},"excerpt":{"rendered":"<div class=\"mh-excerpt\"><p>La Direcci\u00f3n General de Cultura y Educaci\u00f3n bonaerense adhiri\u00f3 este jueves al Decreto 465 del gobierno provincial por el cual se estableci\u00f3 el r\u00e9gimen de retiro voluntario optativo para los agentes de planta permanente con estabilidad del Poder Ejecutivo provincial, organismos de la administraci\u00f3n centralizada, desconcentrada y descentralizada, empresas del Estado provincial y entes aut\u00e1rquicos. As\u00ed lo dispone la resoluci\u00f3n 1665 publicada en el Bolet\u00edn Oficial que lleva las firmas del ministro de Educaci\u00f3n, Gabriel S\u00e1nchez Zinny, entre otros funcionarios del \u00e1rea. El Decreto 465 del gobierno bonaerense, con fecha 24 de mayo y publicado en el Bolet\u00edn Oficial el <a class=\"mh-excerpt-more\" href=\"http:\/\/dsrmedios.com.ar\/diario\/archivos\/6512\" title=\"Se estableci\u00f3 el r\u00e9gimen de retiro voluntario para trabajadores de la docencia\">[Leer m\u00e1s]<\/a><\/p>\n<\/div>","protected":false},"author":5,"featured_media":6513,"comment_status":"open","ping_status":"closed","sticky":false,"template":"","format":"standard","meta":{"_jetpack_newsletter_access":""},"categories":[18,7],"tags":[],"jetpack_featured_media_url":"http:\/\/dsrmedios.com.ar\/diario\/wp-content\/uploads\/2018\/06\/escuelas_2-1.jpg","jetpack_sharing_enabled":true,"jetpack_shortlink":"https:\/\/wp.me\/p9fihK-1H2","_links":{"self":[{"href":"http:\/\/dsrmedios.com.ar\/diario\/wp-json\/wp\/v2\/posts\/6512"}],"collection":[{"href":"http:\/\/dsrmedios.com.ar\/diario\/wp-json\/wp\/v2\/posts"}],"about":[{"href":"http:\/\/dsrmedios.com.ar\/diario\/wp-json\/wp\/v2\/types\/post"}],"author":[{"embeddable":true,"href":"http:\/\/dsrmedios.com.ar\/diario\/wp-json\/wp\/v2\/users\/5"}],"replies":[{"embeddable":true,"href":"http:\/\/dsrmedios.com.ar\/diario\/wp-json\/wp\/v2\/comments?post=6512"}],"version-history":[{"count":1,"href":"http:\/\/dsrmedios.com.ar\/diario\/wp-json\/wp\/v2\/posts\/6512\/revisions"}],"predecessor-version":[{"id":6514,"href":"http:\/\/dsrmedios.com.ar\/diario\/wp-json\/wp\/v2\/posts\/6512\/revisions\/6514"}],"wp:featuredmedia":[{"embeddable":true,"href":"http:\/\/dsrmedios.com.ar\/diario\/wp-json\/wp\/v2\/media\/6513"}],"wp:attachment":[{"href":"http:\/\/dsrmedios.com.ar\/diario\/wp-json\/wp\/v2\/media?parent=6512"}],"wp:term":[{"taxonomy":"category","embeddable":true,"href":"http:\/\/dsrmedios.com.ar\/diario\/wp-json\/wp\/v2\/categories?post=6512"},{"taxonomy":"post_tag","embeddable":true,"href":"http:\/\/dsrmedios.com.ar\/diario\/wp-json\/wp\/v2\/tags?post=6512"}],"curies":[{"name":"wp","href":"https:\/\/api.w.org\/{rel}","templated":true}]}}