{"id":6487,"date":"2018-06-21T07:06:19","date_gmt":"2018-06-21T10:06:19","guid":{"rendered":"http:\/\/dsrmedios.com.ar\/diario\/?p=6487"},"modified":"2018-06-20T18:49:54","modified_gmt":"2018-06-20T21:49:54","slug":"la-historia-de-la-primera-tribuna-techada-ubicada-en-la-localidad-de-arano","status":"publish","type":"post","link":"http:\/\/dsrmedios.com.ar\/diario\/archivos\/6487","title":{"rendered":"La historia de la primera tribuna techada ubicada en la localidad de Arano"},"content":{"rendered":"<p>Este viernes a las 20 hs. se emitir\u00e0 el Programa televisivo &#8220;En el Camino&#8221; conducido por el periodistas Mario Marquich quien estuvo realizando un informe sobre la primera tribuna techada de Am\u00e9rica que se encuentra en pi\u00e9 a\u00fan en la localidad de Arano en nuestro distrito.<\/p>\n","protected":false},"excerpt":{"rendered":"<div class=\"mh-excerpt\"><p>Este viernes a las 20 hs. se emitir\u00e0 el Programa televisivo &#8220;En el Camino&#8221; conducido por el periodistas Mario Marquich quien estuvo realizando un informe sobre la primera tribuna techada de Am\u00e9rica que se encuentra en pi\u00e9 a\u00fan en la localidad de Arano en nuestro distrito.<\/p>\n<\/div>","protected":false},"author":5,"featured_media":6488,"comment_status":"open","ping_status":"closed","sticky":false,"template":"","format":"standard","meta":{"_jetpack_newsletter_access":""},"categories":[18,31],"tags":[],"jetpack_featured_media_url":"http:\/\/dsrmedios.com.ar\/diario\/wp-content\/uploads\/2018\/06\/marquich.jpg","jetpack_sharing_enabled":true,"jetpack_shortlink":"https:\/\/wp.me\/p9fihK-1GD","_links":{"self":[{"href":"http:\/\/dsrmedios.com.ar\/diario\/wp-json\/wp\/v2\/posts\/6487"}],"collection":[{"href":"http:\/\/dsrmedios.com.ar\/diario\/wp-json\/wp\/v2\/posts"}],"about":[{"href":"http:\/\/dsrmedios.com.ar\/diario\/wp-json\/wp\/v2\/types\/post"}],"author":[{"embeddable":true,"href":"http:\/\/dsrmedios.com.ar\/diario\/wp-json\/wp\/v2\/users\/5"}],"replies":[{"embeddable":true,"href":"http:\/\/dsrmedios.com.ar\/diario\/wp-json\/wp\/v2\/comments?post=6487"}],"version-history":[{"count":1,"href":"http:\/\/dsrmedios.com.ar\/diario\/wp-json\/wp\/v2\/posts\/6487\/revisions"}],"predecessor-version":[{"id":6489,"href":"http:\/\/dsrmedios.com.ar\/diario\/wp-json\/wp\/v2\/posts\/6487\/revisions\/6489"}],"wp:featuredmedia":[{"embeddable":true,"href":"http:\/\/dsrmedios.com.ar\/diario\/wp-json\/wp\/v2\/media\/6488"}],"wp:attachment":[{"href":"http:\/\/dsrmedios.com.ar\/diario\/wp-json\/wp\/v2\/media?parent=6487"}],"wp:term":[{"taxonomy":"category","embeddable":true,"href":"http:\/\/dsrmedios.com.ar\/diario\/wp-json\/wp\/v2\/categories?post=6487"},{"taxonomy":"post_tag","embeddable":true,"href":"http:\/\/dsrmedios.com.ar\/diario\/wp-json\/wp\/v2\/tags?post=6487"}],"curies":[{"name":"wp","href":"https:\/\/api.w.org\/{rel}","templated":true}]}}