{"id":6480,"date":"2018-06-21T07:03:03","date_gmt":"2018-06-21T10:03:03","guid":{"rendered":"http:\/\/dsrmedios.com.ar\/diario\/?p=6480"},"modified":"2018-06-20T18:30:31","modified_gmt":"2018-06-20T21:30:31","slug":"se-llevo-a-cabo-el-acto-central-en-homenaje-al-dia-de-la-bandera-en-el-cef-28","status":"publish","type":"post","link":"http:\/\/dsrmedios.com.ar\/diario\/archivos\/6480","title":{"rendered":"Se llev\u00f3 a cabo el acto central en Homenaje al D\u00eda de la Bandera en el CEF 28"},"content":{"rendered":"<p>Se realiz\u00f3 el martes ela cto descentralizado de Homenaje al D\u00eca de la Bandera en nuestra ciudad. Organizado por la Escuela 40 se llev\u00f3 a cabo en las instalaciones del CEF 28 con la presencia del Intendente Municipal, miembros del gabinete y autoridades de instituciones educativas.<\/p>\n","protected":false},"excerpt":{"rendered":"<div class=\"mh-excerpt\"><p>Se realiz\u00f3 el martes ela cto descentralizado de Homenaje al D\u00eca de la Bandera en nuestra ciudad. Organizado por la Escuela 40 se llev\u00f3 a cabo en las instalaciones del CEF 28 con la presencia del Intendente Municipal, miembros del gabinete y autoridades de instituciones educativas.<\/p>\n<\/div>","protected":false},"author":5,"featured_media":6481,"comment_status":"open","ping_status":"closed","sticky":false,"template":"","format":"standard","meta":{"_jetpack_newsletter_access":""},"categories":[18,31],"tags":[],"jetpack_featured_media_url":"http:\/\/dsrmedios.com.ar\/diario\/wp-content\/uploads\/2018\/06\/bandera1.jpg","jetpack_sharing_enabled":true,"jetpack_shortlink":"https:\/\/wp.me\/p9fihK-1Gw","_links":{"self":[{"href":"http:\/\/dsrmedios.com.ar\/diario\/wp-json\/wp\/v2\/posts\/6480"}],"collection":[{"href":"http:\/\/dsrmedios.com.ar\/diario\/wp-json\/wp\/v2\/posts"}],"about":[{"href":"http:\/\/dsrmedios.com.ar\/diario\/wp-json\/wp\/v2\/types\/post"}],"author":[{"embeddable":true,"href":"http:\/\/dsrmedios.com.ar\/diario\/wp-json\/wp\/v2\/users\/5"}],"replies":[{"embeddable":true,"href":"http:\/\/dsrmedios.com.ar\/diario\/wp-json\/wp\/v2\/comments?post=6480"}],"version-history":[{"count":2,"href":"http:\/\/dsrmedios.com.ar\/diario\/wp-json\/wp\/v2\/posts\/6480\/revisions"}],"predecessor-version":[{"id":6483,"href":"http:\/\/dsrmedios.com.ar\/diario\/wp-json\/wp\/v2\/posts\/6480\/revisions\/6483"}],"wp:featuredmedia":[{"embeddable":true,"href":"http:\/\/dsrmedios.com.ar\/diario\/wp-json\/wp\/v2\/media\/6481"}],"wp:attachment":[{"href":"http:\/\/dsrmedios.com.ar\/diario\/wp-json\/wp\/v2\/media?parent=6480"}],"wp:term":[{"taxonomy":"category","embeddable":true,"href":"http:\/\/dsrmedios.com.ar\/diario\/wp-json\/wp\/v2\/categories?post=6480"},{"taxonomy":"post_tag","embeddable":true,"href":"http:\/\/dsrmedios.com.ar\/diario\/wp-json\/wp\/v2\/tags?post=6480"}],"curies":[{"name":"wp","href":"https:\/\/api.w.org\/{rel}","templated":true}]}}