{"id":6471,"date":"2018-06-21T07:03:14","date_gmt":"2018-06-21T10:03:14","guid":{"rendered":"http:\/\/dsrmedios.com.ar\/diario\/?p=6471"},"modified":"2018-06-20T18:17:32","modified_gmt":"2018-06-20T21:17:32","slug":"la-justicia-obliga-al-gobierno-bonaerense-a-aplicar-clausula-gatillo-con-los-docentes","status":"publish","type":"post","link":"http:\/\/dsrmedios.com.ar\/diario\/archivos\/6471","title":{"rendered":"La Justicia obliga al Gobierno bonaerense a aplicar cl\u00e1usula gatillo con los docentes"},"content":{"rendered":"<p>La Justicia declar\u00f3 la vigencia y aplicaci\u00f3n de la cl\u00e1usula gatillo pactada el a\u00f1o pasado para los docentes bonaerenses y el Gobierno de Mar\u00eda Eugenia Vidal deber\u00e1 actualizar los salarios por inflaci\u00f3n hasta que se celebre un nuevo acuerdo.<\/p>\n<p>El Tribunal del Trabajo N\u00ba 4, en la causa que llevaron adelante los jueces Rodolfo Martiarena, Adela Di Stefano, Soledad Moreyra, resolvi\u00f3 declarar la \u201cultractividad\u201d de la cl\u00e1usula convencional de paritaria o cl\u00e1usula gatillo, acordada por las partes en el 2017, de adecuaci\u00f3n semestral, por variaci\u00f3n de los \u00edndices de precios al consumidor del Indec, respecto a los sueldos del mes de enero de 2018.<\/p>\n<p>En la pr\u00e1ctica, la cl\u00e1usula gatillo se activar\u00e1 cada mes de julio y enero, hasta la concreci\u00f3n de un nuevo convenio, basada en la evoluci\u00f3n del \u00cdndice de Precios al Consumidor (IPC) emitido por Indec.<\/p>\n<p>De esta manera, al incremento acordado por la paritaria 2017, se le deber\u00e1 adecuar lo establecido por el IPC en julio y en enero, hasta tanto no se acuerde una nueva paritaria para el sector.<\/p>\n<p>fuente:www.aninoticias.com<\/p>\n","protected":false},"excerpt":{"rendered":"<div class=\"mh-excerpt\"><p>La Justicia declar\u00f3 la vigencia y aplicaci\u00f3n de la cl\u00e1usula gatillo pactada el a\u00f1o pasado para los docentes bonaerenses y el Gobierno de Mar\u00eda Eugenia Vidal deber\u00e1 actualizar los salarios por inflaci\u00f3n hasta que se celebre un nuevo acuerdo. El Tribunal del Trabajo N\u00ba 4, en la causa que llevaron adelante los jueces Rodolfo Martiarena, Adela Di Stefano, Soledad Moreyra, resolvi\u00f3 declarar la \u201cultractividad\u201d de la cl\u00e1usula convencional de paritaria o cl\u00e1usula gatillo, acordada por las partes en el 2017, de adecuaci\u00f3n semestral, por variaci\u00f3n de los \u00edndices de precios al consumidor del Indec, respecto a los sueldos del mes <a class=\"mh-excerpt-more\" href=\"http:\/\/dsrmedios.com.ar\/diario\/archivos\/6471\" title=\"La Justicia obliga al Gobierno bonaerense a aplicar cl\u00e1usula gatillo con los docentes\">[Leer m\u00e1s]<\/a><\/p>\n<\/div>","protected":false},"author":5,"featured_media":6472,"comment_status":"open","ping_status":"closed","sticky":false,"template":"","format":"standard","meta":{"_jetpack_newsletter_access":""},"categories":[18,7],"tags":[],"jetpack_featured_media_url":"http:\/\/dsrmedios.com.ar\/diario\/wp-content\/uploads\/2018\/06\/gremios_1.jpg","jetpack_sharing_enabled":true,"jetpack_shortlink":"https:\/\/wp.me\/p9fihK-1Gn","_links":{"self":[{"href":"http:\/\/dsrmedios.com.ar\/diario\/wp-json\/wp\/v2\/posts\/6471"}],"collection":[{"href":"http:\/\/dsrmedios.com.ar\/diario\/wp-json\/wp\/v2\/posts"}],"about":[{"href":"http:\/\/dsrmedios.com.ar\/diario\/wp-json\/wp\/v2\/types\/post"}],"author":[{"embeddable":true,"href":"http:\/\/dsrmedios.com.ar\/diario\/wp-json\/wp\/v2\/users\/5"}],"replies":[{"embeddable":true,"href":"http:\/\/dsrmedios.com.ar\/diario\/wp-json\/wp\/v2\/comments?post=6471"}],"version-history":[{"count":1,"href":"http:\/\/dsrmedios.com.ar\/diario\/wp-json\/wp\/v2\/posts\/6471\/revisions"}],"predecessor-version":[{"id":6473,"href":"http:\/\/dsrmedios.com.ar\/diario\/wp-json\/wp\/v2\/posts\/6471\/revisions\/6473"}],"wp:featuredmedia":[{"embeddable":true,"href":"http:\/\/dsrmedios.com.ar\/diario\/wp-json\/wp\/v2\/media\/6472"}],"wp:attachment":[{"href":"http:\/\/dsrmedios.com.ar\/diario\/wp-json\/wp\/v2\/media?parent=6471"}],"wp:term":[{"taxonomy":"category","embeddable":true,"href":"http:\/\/dsrmedios.com.ar\/diario\/wp-json\/wp\/v2\/categories?post=6471"},{"taxonomy":"post_tag","embeddable":true,"href":"http:\/\/dsrmedios.com.ar\/diario\/wp-json\/wp\/v2\/tags?post=6471"}],"curies":[{"name":"wp","href":"https:\/\/api.w.org\/{rel}","templated":true}]}}